{"id":407085,"date":"2024-07-12T18:17:13","date_gmt":"2024-07-12T16:17:13","guid":{"rendered":"https:\/\/www.pcnen.com\/portal\/?p=407085"},"modified":"2024-07-12T18:17:13","modified_gmt":"2024-07-12T16:17:13","slug":"zabranjen-ulazak-u-srbiju-aktivisti-iz-bih","status":"publish","type":"post","link":"https:\/\/www.pcnen.com\/portal\/2024\/07\/12\/zabranjen-ulazak-u-srbiju-aktivisti-iz-bih\/","title":{"rendered":"Zabranjen ulazak u Srbiju aktivisti iz BiH"},"content":{"rendered":"<p>Grani\u010dna policija Srbije je zabranila ulazak u zemlju Nedimu Musi\u0107u, mladom aktivisti \u201eKarton revolucije\u201c iz Bosne i Hercegovine, uz obrazlo\u017eenje da postoji \u201enegativna procjena bezbednosnog rizika\u201c, ali bez ikakvog daljeg obja\u0161njenja.<\/p>\n<p>Jedan od govornika na protestu 28. juna u Loznici protiv kopanja litijuma bio je i predstavnik ovog pokreta, Selman Adi. Dva dana nakon toga, predsednik Srbije Aleksandar\u00a0 Vu\u010di\u0107 je, gostuju\u0107i na TV Prva, rekao: \u2018Doveli mi Adija Selmana ili Amija Selmana, kako god ho\u0107ete, iz Tuzle koji je vodio demonstracije za rezoluciju o genocidu u Srebrenici, da mi obja\u0161njava da ja trebam da budem protiv toga, kao \u0161to je trebalo da budemo za Rezoluciju o genocidu\u2019\u201c, podsje\u0107a portal Vreme.<\/p>\n<p>\u201eKarton revolucija\u201c je platforma, kako se navodi na njihovom zvani\u010dnom sajtu, koja okuplja mlade koji ukazuju na neke od negativnih pojava u bosansko-hercegova\u010dkom dru\u0161tvu.<\/p>\n<p>Musi\u0107 je za Radio Slobodna Evropa naveo da su ga na granici inspektori ispitivali sat vremena.<\/p>\n<p>\u201eU lijepom, opu\u0161tenom razgovoru sam im objasnio \u010dim se mi u \u2018Karton revoluciji\u2019 bavimo \u2013 promocijom su\u017eivota, mira, borbom protiv nacionalizma i korupcije. Rekli su mi \u2018Bravo, svaka \u010dast!\u2019 i \u2013 zabranili ulazak u Srbiju\u201c, rekao je aktivista.<\/p>\n","protected":false},"excerpt":{"rendered":"<p>Grani\u010dna policija Srbije je zabranila ulazak u zemlju Nedimu Musi\u0107u, mladom aktivisti \u201eKarton revolucije\u201c iz Bosne i Hercegovine, uz obrazlo\u017eenje da postoji \u201enegativna procjena bezbednosnog rizika\u201c, ali bez ikakvog daljeg obja\u0161njenja<\/p>\n","protected":false},"author":1,"featured_media":407088,"comment_status":"open","ping_status":"closed","sticky":false,"template":"","format":"standard","meta":{"_seopress_robots_primary_cat":"none","_seopress_titles_title":"","_seopress_titles_desc":"","_seopress_robots_index":"","_et_pb_use_builder":"","_et_pb_old_content":"","_et_gb_content_width":"","inline_featured_image":false,"footnotes":""},"categories":[14],"tags":[],"class_list":["post-407085","post","type-post","status-publish","format-standard","has-post-thumbnail","hentry","category-vijesti"],"_links":{"self":[{"href":"https:\/\/www.pcnen.com\/portal\/wp-json\/wp\/v2\/posts\/407085","targetHints":{"allow":["GET"]}}],"collection":[{"href":"https:\/\/www.pcnen.com\/portal\/wp-json\/wp\/v2\/posts"}],"about":[{"href":"https:\/\/www.pcnen.com\/portal\/wp-json\/wp\/v2\/types\/post"}],"author":[{"embeddable":true,"href":"https:\/\/www.pcnen.com\/portal\/wp-json\/wp\/v2\/users\/1"}],"replies":[{"embeddable":true,"href":"https:\/\/www.pcnen.com\/portal\/wp-json\/wp\/v2\/comments?post=407085"}],"version-history":[{"count":1,"href":"https:\/\/www.pcnen.com\/portal\/wp-json\/wp\/v2\/posts\/407085\/revisions"}],"predecessor-version":[{"id":407089,"href":"https:\/\/www.pcnen.com\/portal\/wp-json\/wp\/v2\/posts\/407085\/revisions\/407089"}],"wp:featuredmedia":[{"embeddable":true,"href":"https:\/\/www.pcnen.com\/portal\/wp-json\/wp\/v2\/media\/407088"}],"wp:attachment":[{"href":"https:\/\/www.pcnen.com\/portal\/wp-json\/wp\/v2\/media?parent=407085"}],"wp:term":[{"taxonomy":"category","embeddable":true,"href":"https:\/\/www.pcnen.com\/portal\/wp-json\/wp\/v2\/categories?post=407085"},{"taxonomy":"post_tag","embeddable":true,"href":"https:\/\/www.pcnen.com\/portal\/wp-json\/wp\/v2\/tags?post=407085"}],"curies":[{"name":"wp","href":"https:\/\/api.w.org\/{rel}","templated":true}]}}