{"id":407077,"date":"2024-07-12T15:11:48","date_gmt":"2024-07-12T13:11:48","guid":{"rendered":"https:\/\/www.pcnen.com\/portal\/?p=407077"},"modified":"2024-07-12T15:11:48","modified_gmt":"2024-07-12T13:11:48","slug":"mandic-aktuelizovao-ideju-o-obnovi-njegoseve-kapele-prve-reakcije-negativne","status":"publish","type":"post","link":"https:\/\/www.pcnen.com\/portal\/2024\/07\/12\/mandic-aktuelizovao-ideju-o-obnovi-njegoseve-kapele-prve-reakcije-negativne\/","title":{"rendered":"Mandi\u0107 aktuelizovao ideju o obnovi Njego\u0161eve kapele, prve reakcije negativne"},"content":{"rendered":"<p>U govoru na sve\u010danosti povodom dodjele Trinaestojulske nagrade u Vladinom domu na Cetinju, predsjednik Skup\u0161tine Crne Gore je aktuelizovao ideju o obnavljanja Njego\u0161eve kapele na Lov\u0107enu.<\/p>\n<p>\u201cObnavljanje Njego\u0161eve kapele na Lov\u0107enu je ideja koju je pokrenula Mitropolija crnogorsko-primorska i mitropolit Amfilohije. Smatram da smo danas zreli kao dru\u0161tvo i zajednica da realizujemo tu ideju koja \u0107e dovesti do pomirenja i okupljanja ljudi u Crnoj Gori. I \u017eelim da iskoristim priliku da je kao predsjednik Skup\u0161tine Crne Gore javno iniciram. Po\u0161tuju\u0107i Njego\u0161evu \u017eelju uspostavili bi novu moralnu vertikalu koja \u0107e u\u010diniti da Crna Gora ozdravi i da u bolju budu\u0107nost zakora\u010di svjesna sebe i svoje slavne istorije zatvaraju\u0107i poglavlje podjela i netoplerancija\u201d, rekao je Mandi\u0107.<\/p>\n<p>Ideja o obnavljanju kapele na Lov\u0107enu nije imala podr\u0161ku crnogorske vlasti, a na Mandi\u0107evu aktuelizaciju iste brzo su uslijedile negativne reakcije.<\/p>\n<p>Pri\u010da o obnavljanju Njego\u0161eve kapele je jedna od onih politi\u010dkih kontroverzi koje ne doprinose prevazila\u017eenju podjela u Crnoj Gori, nego ih, naprotiv, obnavljaju.<\/p>\n<p>Izvornu Njego\u0161evu kapelu su sru\u0161ili austrougarski vojnici u Prvom svjetskom ratu, a ktitor obnovljene verzije bio je unuk kralja Nikole, jugoslovenski kralj Aleksandar Kara\u0111or\u0111evi\u0107.<\/p>\n<p>Njego\u0161eva kapela je bila dio grba Socijalisti\u010dke republike Crne Gore.<\/p>\n<p><img decoding=\"async\" class=\"aligncenter\" src=\"https:\/\/novidani.com\/wp-content\/uploads\/2022\/02\/grb_srcg.jpg\" alt=\"Kako je Njego\u0161eva kapela opstala na Grbu Socijalisti\u010dke Republike Crne Gore\" \/><\/p>\n","protected":false},"excerpt":{"rendered":"<p>U govoru na sve\u010danosti povodom dodjele Trinaestojulske nagrade u Vladinom domu na Cetinju, predsjednik Skup\u0161tine Crne Gore je aktuelizovao ideju o obnavljanja Njego\u0161eve kapele na Lov\u0107enu<\/p>\n","protected":false},"author":1,"featured_media":0,"comment_status":"open","ping_status":"closed","sticky":false,"template":"","format":"standard","meta":{"_seopress_robots_primary_cat":"none","_seopress_titles_title":"","_seopress_titles_desc":"","_seopress_robots_index":"","_et_pb_use_builder":"","_et_pb_old_content":"","_et_gb_content_width":"","inline_featured_image":false,"footnotes":""},"categories":[14],"tags":[],"class_list":["post-407077","post","type-post","status-publish","format-standard","hentry","category-vijesti"],"_links":{"self":[{"href":"https:\/\/www.pcnen.com\/portal\/wp-json\/wp\/v2\/posts\/407077","targetHints":{"allow":["GET"]}}],"collection":[{"href":"https:\/\/www.pcnen.com\/portal\/wp-json\/wp\/v2\/posts"}],"about":[{"href":"https:\/\/www.pcnen.com\/portal\/wp-json\/wp\/v2\/types\/post"}],"author":[{"embeddable":true,"href":"https:\/\/www.pcnen.com\/portal\/wp-json\/wp\/v2\/users\/1"}],"replies":[{"embeddable":true,"href":"https:\/\/www.pcnen.com\/portal\/wp-json\/wp\/v2\/comments?post=407077"}],"version-history":[{"count":1,"href":"https:\/\/www.pcnen.com\/portal\/wp-json\/wp\/v2\/posts\/407077\/revisions"}],"predecessor-version":[{"id":407080,"href":"https:\/\/www.pcnen.com\/portal\/wp-json\/wp\/v2\/posts\/407077\/revisions\/407080"}],"wp:attachment":[{"href":"https:\/\/www.pcnen.com\/portal\/wp-json\/wp\/v2\/media?parent=407077"}],"wp:term":[{"taxonomy":"category","embeddable":true,"href":"https:\/\/www.pcnen.com\/portal\/wp-json\/wp\/v2\/categories?post=407077"},{"taxonomy":"post_tag","embeddable":true,"href":"https:\/\/www.pcnen.com\/portal\/wp-json\/wp\/v2\/tags?post=407077"}],"curies":[{"name":"wp","href":"https:\/\/api.w.org\/{rel}","templated":true}]}}