{"id":407069,"date":"2024-07-12T14:53:40","date_gmt":"2024-07-12T12:53:40","guid":{"rendered":"https:\/\/www.pcnen.com\/portal\/?p=407069"},"modified":"2024-07-12T14:53:40","modified_gmt":"2024-07-12T12:53:40","slug":"odstupio-tek-izabrani-ombudsman-rtcg","status":"publish","type":"post","link":"https:\/\/www.pcnen.com\/portal\/2024\/07\/12\/odstupio-tek-izabrani-ombudsman-rtcg\/","title":{"rendered":"Odstupio tek izabrani ombudsman RTCG"},"content":{"rendered":"<p>Tek izabrani ombudsman RTCG Todor Brajkovi\u0107 je odustao od du\u017enosti na koju je izabran, uz rije\u010di, upu\u0107ena Savjetu RTCG, da ne \u017eeli &#8220;da iko od njih, zbog mene i mog izbora osje\u0107a bilo koju vrstu neprijatnosti&#8221;.<\/p>\n<p>Kako je prenio portal RTCG, Brajkovi\u0107 je odstupanjem \u017eelio da za\u0161titi Savjet RTCG od neosnovanih napada.<\/p>\n<p>Potpredsjednica Savjeta RTCG Marijana Camovi\u0107 Veli\u010dkovi\u0107 je prva ukazala na problemati\u010dnost Brajkovi\u0107eve kandidature, jer ne ispunjava uslove predvi\u0111ene konkursom, a onda je Media centar to potvrdio u <a href=\"https:\/\/mediacentar.me\/ombudsman-rtcg-izabran-suprotno-uslovima-navedenim-u-konkursu\/\" target=\"_blank\" rel=\"noopener\">svojoj reakciji<\/a>. Kada su Brajkovi\u0107evi protivkandidati najavili tu\u017ebe, on je odstupio.<\/p>\n<p>&nbsp;<\/p>\n<p>&nbsp;<\/p>\n","protected":false},"excerpt":{"rendered":"<p>Tek izabrani ombudsman RTCG Todor Brajkovi\u0107 je odustao od du\u017enosti na koju je izabran, uz rije\u010di, upu\u0107ena Savjetu RTSC, da ne \u017eeli &#8220;da iko od njih, zbog mene i mog izbora osje\u0107a bilo koju vrstu neprijatnosti&#8221;<\/p>\n","protected":false},"author":1,"featured_media":406855,"comment_status":"open","ping_status":"closed","sticky":false,"template":"","format":"standard","meta":{"_seopress_robots_primary_cat":"none","_seopress_titles_title":"","_seopress_titles_desc":"","_seopress_robots_index":"","_et_pb_use_builder":"","_et_pb_old_content":"","_et_gb_content_width":"","inline_featured_image":false,"footnotes":""},"categories":[14],"tags":[],"class_list":["post-407069","post","type-post","status-publish","format-standard","has-post-thumbnail","hentry","category-vijesti"],"_links":{"self":[{"href":"https:\/\/www.pcnen.com\/portal\/wp-json\/wp\/v2\/posts\/407069","targetHints":{"allow":["GET"]}}],"collection":[{"href":"https:\/\/www.pcnen.com\/portal\/wp-json\/wp\/v2\/posts"}],"about":[{"href":"https:\/\/www.pcnen.com\/portal\/wp-json\/wp\/v2\/types\/post"}],"author":[{"embeddable":true,"href":"https:\/\/www.pcnen.com\/portal\/wp-json\/wp\/v2\/users\/1"}],"replies":[{"embeddable":true,"href":"https:\/\/www.pcnen.com\/portal\/wp-json\/wp\/v2\/comments?post=407069"}],"version-history":[{"count":1,"href":"https:\/\/www.pcnen.com\/portal\/wp-json\/wp\/v2\/posts\/407069\/revisions"}],"predecessor-version":[{"id":407072,"href":"https:\/\/www.pcnen.com\/portal\/wp-json\/wp\/v2\/posts\/407069\/revisions\/407072"}],"wp:featuredmedia":[{"embeddable":true,"href":"https:\/\/www.pcnen.com\/portal\/wp-json\/wp\/v2\/media\/406855"}],"wp:attachment":[{"href":"https:\/\/www.pcnen.com\/portal\/wp-json\/wp\/v2\/media?parent=407069"}],"wp:term":[{"taxonomy":"category","embeddable":true,"href":"https:\/\/www.pcnen.com\/portal\/wp-json\/wp\/v2\/categories?post=407069"},{"taxonomy":"post_tag","embeddable":true,"href":"https:\/\/www.pcnen.com\/portal\/wp-json\/wp\/v2\/tags?post=407069"}],"curies":[{"name":"wp","href":"https:\/\/api.w.org\/{rel}","templated":true}]}}