{"id":407038,"date":"2024-07-12T11:34:11","date_gmt":"2024-07-12T09:34:11","guid":{"rendered":"https:\/\/www.pcnen.com\/portal\/?p=407038"},"modified":"2024-07-12T11:34:11","modified_gmt":"2024-07-12T09:34:11","slug":"poslije-zelenskog-putina-i-djinpinga-orban-posjetio-trampa","status":"publish","type":"post","link":"https:\/\/www.pcnen.com\/portal\/2024\/07\/12\/poslije-zelenskog-putina-i-djinpinga-orban-posjetio-trampa\/","title":{"rendered":"Poslije Zelenskog, Putina i \u0110inpinga, Orban posjetio Trampa"},"content":{"rendered":"<p>Ma\u0111arski premijer Viktor Orban se sastao sa biv\u0161im ameri\u010dkim predsjednikom Donaldom Trampom u njegovoj ku\u0107i Mar-a-Lago na Floridi.<\/p>\n<p>&#8220;Pregovori sa predsjednikom Trampom o miru. Dobra vijest dana: On \u0107e to rije\u0161iti&#8221;, poru\u010dio je Orban uz fotografiju susreta, prenosi RT.<\/p>\n<p>Orban je prije susreta sa Trampom razgovarao sa predsjednikom Ukrajine Zelenskim, te liderima Rusije i Kine, Putinom i \u0110inpingom.<\/p>\n<p><iframe loading=\"lazy\" style=\"border: none; overflow: hidden;\" src=\"https:\/\/www.facebook.com\/plugins\/video.php?height=314&amp;href=https%3A%2F%2Fwww.facebook.com%2Forbanviktor%2Fvideos%2F852756243427268%2F&amp;show_text=false&amp;width=560&amp;t=0\" width=\"560\" height=\"314\" frameborder=\"0\" scrolling=\"no\" allowfullscreen=\"allowfullscreen\"><\/iframe><\/p>\n<blockquote class=\"wp-embedded-content\" data-secret=\"dhW2pYxJOF\"><p><a href=\"https:\/\/www.pcnen.com\/portal\/2024\/07\/08\/orban-sa-djinpingom-u-pekingu\/\">Orban sa \u0110inpingom u Pekingu<\/a><\/p><\/blockquote>\n<p><iframe loading=\"lazy\" class=\"wp-embedded-content\" sandbox=\"allow-scripts\" security=\"restricted\" style=\"position: absolute; clip: rect(1px, 1px, 1px, 1px);\" title=\"&#8220;Orban sa \u0110inpingom u Pekingu&#8221; &#8212; PCNEN\" src=\"https:\/\/www.pcnen.com\/portal\/2024\/07\/08\/orban-sa-djinpingom-u-pekingu\/embed\/#?secret=Lkntw6wi1z#?secret=dhW2pYxJOF\" data-secret=\"dhW2pYxJOF\" width=\"600\" height=\"338\" frameborder=\"0\" marginwidth=\"0\" marginheight=\"0\" scrolling=\"no\"><\/iframe><\/p>\n","protected":false},"excerpt":{"rendered":"<p>Ma\u0111arski premijer Viktor Orban se sastao sa biv\u0161im ameri\u010dkim predsjednikom Donaldom Trampom u njegovoj ku\u0107i Mar-a-Lago na Floridi.<\/p>\n","protected":false},"author":1,"featured_media":407041,"comment_status":"open","ping_status":"closed","sticky":false,"template":"","format":"standard","meta":{"_seopress_robots_primary_cat":"none","_seopress_titles_title":"","_seopress_titles_desc":"","_seopress_robots_index":"","_et_pb_use_builder":"","_et_pb_old_content":"","_et_gb_content_width":"","inline_featured_image":false,"footnotes":""},"categories":[14],"tags":[],"class_list":["post-407038","post","type-post","status-publish","format-standard","has-post-thumbnail","hentry","category-vijesti"],"_links":{"self":[{"href":"https:\/\/www.pcnen.com\/portal\/wp-json\/wp\/v2\/posts\/407038","targetHints":{"allow":["GET"]}}],"collection":[{"href":"https:\/\/www.pcnen.com\/portal\/wp-json\/wp\/v2\/posts"}],"about":[{"href":"https:\/\/www.pcnen.com\/portal\/wp-json\/wp\/v2\/types\/post"}],"author":[{"embeddable":true,"href":"https:\/\/www.pcnen.com\/portal\/wp-json\/wp\/v2\/users\/1"}],"replies":[{"embeddable":true,"href":"https:\/\/www.pcnen.com\/portal\/wp-json\/wp\/v2\/comments?post=407038"}],"version-history":[{"count":1,"href":"https:\/\/www.pcnen.com\/portal\/wp-json\/wp\/v2\/posts\/407038\/revisions"}],"predecessor-version":[{"id":407042,"href":"https:\/\/www.pcnen.com\/portal\/wp-json\/wp\/v2\/posts\/407038\/revisions\/407042"}],"wp:featuredmedia":[{"embeddable":true,"href":"https:\/\/www.pcnen.com\/portal\/wp-json\/wp\/v2\/media\/407041"}],"wp:attachment":[{"href":"https:\/\/www.pcnen.com\/portal\/wp-json\/wp\/v2\/media?parent=407038"}],"wp:term":[{"taxonomy":"category","embeddable":true,"href":"https:\/\/www.pcnen.com\/portal\/wp-json\/wp\/v2\/categories?post=407038"},{"taxonomy":"post_tag","embeddable":true,"href":"https:\/\/www.pcnen.com\/portal\/wp-json\/wp\/v2\/tags?post=407038"}],"curies":[{"name":"wp","href":"https:\/\/api.w.org\/{rel}","templated":true}]}}