{"id":406999,"date":"2024-07-11T20:55:05","date_gmt":"2024-07-11T18:55:05","guid":{"rendered":"https:\/\/www.pcnen.com\/portal\/?p=406999"},"modified":"2024-07-11T20:55:05","modified_gmt":"2024-07-11T18:55:05","slug":"suncano-i-vruce","status":"publish","type":"post","link":"https:\/\/www.pcnen.com\/portal\/2024\/07\/11\/suncano-i-vruce\/","title":{"rendered":"Sun\u010dano i vru\u0107e"},"content":{"rendered":"<p>Sun\u010dano i vru\u0107e bi\u0107e u petak u Crnoj Gori, ponegdje uz slab do umjeren razvoj dnevne obla\u010dnosti.<\/p>\n<p>Poslijepodne u planinama bi\u0107e lokalno mogu\u0107a kratkotrajna ki\u0161a ili grmljavina.<\/p>\n<p>Vjetar promjenljivog smjera bi\u0107e slab do umjeren,<\/p>\n<p>Jutarnja temperatura vazduha bi\u0107e u rasponu od 14 do 26, a najvi\u0161a dnevna od 29 do 40 stepeni.<\/p>\n<p>Prete\u017eno sun\u010dano i vru\u0107e bi\u0107e Podgorica.<\/p>\n<p>Vjetar slab do umjeren \u0107e naj\u010de\u0161\u0107e duvati s juga.<\/p>\n<p>Jutarnja temperatura vazduha bi\u0107e oko 26, a najvi\u0161a dnevna 39 stepeni.<\/p>\n","protected":false},"excerpt":{"rendered":"<p>Jutarnja temperatura vazduha bi\u0107e u rasponu od 14 do 26, a najvi\u0161a dnevna od 29 do 40 stepeni.<\/p>\n","protected":false},"author":1,"featured_media":337466,"comment_status":"open","ping_status":"closed","sticky":false,"template":"","format":"standard","meta":{"_seopress_robots_primary_cat":"none","_seopress_titles_title":"","_seopress_titles_desc":"","_seopress_robots_index":"","_et_pb_use_builder":"","_et_pb_old_content":"","_et_gb_content_width":"","inline_featured_image":false,"footnotes":""},"categories":[14],"tags":[],"class_list":["post-406999","post","type-post","status-publish","format-standard","has-post-thumbnail","hentry","category-vijesti"],"_links":{"self":[{"href":"https:\/\/www.pcnen.com\/portal\/wp-json\/wp\/v2\/posts\/406999","targetHints":{"allow":["GET"]}}],"collection":[{"href":"https:\/\/www.pcnen.com\/portal\/wp-json\/wp\/v2\/posts"}],"about":[{"href":"https:\/\/www.pcnen.com\/portal\/wp-json\/wp\/v2\/types\/post"}],"author":[{"embeddable":true,"href":"https:\/\/www.pcnen.com\/portal\/wp-json\/wp\/v2\/users\/1"}],"replies":[{"embeddable":true,"href":"https:\/\/www.pcnen.com\/portal\/wp-json\/wp\/v2\/comments?post=406999"}],"version-history":[{"count":1,"href":"https:\/\/www.pcnen.com\/portal\/wp-json\/wp\/v2\/posts\/406999\/revisions"}],"predecessor-version":[{"id":407002,"href":"https:\/\/www.pcnen.com\/portal\/wp-json\/wp\/v2\/posts\/406999\/revisions\/407002"}],"wp:featuredmedia":[{"embeddable":true,"href":"https:\/\/www.pcnen.com\/portal\/wp-json\/wp\/v2\/media\/337466"}],"wp:attachment":[{"href":"https:\/\/www.pcnen.com\/portal\/wp-json\/wp\/v2\/media?parent=406999"}],"wp:term":[{"taxonomy":"category","embeddable":true,"href":"https:\/\/www.pcnen.com\/portal\/wp-json\/wp\/v2\/categories?post=406999"},{"taxonomy":"post_tag","embeddable":true,"href":"https:\/\/www.pcnen.com\/portal\/wp-json\/wp\/v2\/tags?post=406999"}],"curies":[{"name":"wp","href":"https:\/\/api.w.org\/{rel}","templated":true}]}}