{"id":406989,"date":"2024-07-11T19:06:38","date_gmt":"2024-07-11T17:06:38","guid":{"rendered":"https:\/\/www.pcnen.com\/portal\/?p=406989"},"modified":"2024-07-11T19:07:04","modified_gmt":"2024-07-11T17:07:04","slug":"hrvatski-odbor-za-vanjsku-politiku-donio-zakljucak-o-bilateralnim-odnosima-s-crnom-gorom","status":"publish","type":"post","link":"https:\/\/www.pcnen.com\/portal\/2024\/07\/11\/hrvatski-odbor-za-vanjsku-politiku-donio-zakljucak-o-bilateralnim-odnosima-s-crnom-gorom\/","title":{"rendered":"Hrvatski Odbor za vanjsku politiku donio Zaklju\u010dak o bilateralnim odnosima s Crnom Gorom"},"content":{"rendered":"<p>Odbor za vanjsku politiku raspraviljao je o situaciji u bilateralnim odnosima izme\u0111u Republike Hrvatske i Crne Gore nakon \u0161to je Skup\u0161tina Crne Gore 28. juna 2024. usvojila Rezoluciju o genocidu u sistemu logora Jasenovac, Dachau i Mauthausen te jednoglasno usvojio Zaklju\u010dak Odbora.<\/p>\n<p><a href=\"https:\/\/sabor.hr\/hr\/press\/priopcenja\/odbor-za-vanjsku-politiku-donio-zakljucak-o-bilateralnim-odnosima-s-crnom-gorom\">Nakon rasprave Odbor za vanjsku politiku jednoglasno je donio Zaklju\u010dak koji glasi:\u00a0<\/a><\/p>\n<p>\u201eOdbor za vanjsku politiku smatra potpuno neprihvatljivim i neprimjerenim dono\u0161enje Rezolucije o genocidu u sistemu logora Jasenovac, Dachau i Mauthausen, koju je 28. lipnja 2024. usvojila Skup\u0161tina Crne Gore. Republika Hrvatska podr\u017eavala je Crnu Goru, njegovala dobrosusjedske odnose i pomogla joj na njezinu putu u \u010dlanstvo NATO-a te se sve vrijeme sna\u017eno zauzimala za njezin europski put i \u0161to skoriju integraciju u Europsku uniju.<\/p>\n<p>Odbor podsje\u0107a da je na parlamentarnoj razini Hrvatski sabor aktivno pridonosio preno\u0161enju svojih iskustava iz pretpristupnog razdoblja te pripremama Skup\u0161tine Crne Gore za budu\u0107e djelovanje u okviru Europske unije.<\/p>\n<p>Odbor dr\u017ei kako se ovaj postupak ne mo\u017ee smatrati dobronamjernim za daljnju izgradnju dobrosusjedskih odnosa te nije u skladu s europskim vrijednostima i te\u017enjom Crne Gore za \u010dlanstvom u Europskoj uniji, te Rezoluciju smatra \u0161tetnim dnevnopoliti\u010dkim aktom.<\/p>\n<p>Odbor za vanjsku politiku upozorava kako se otvorilo pitanje namjere dono\u0161enja Rezolucije kojom se naru\u0161ava izgradnja kulture pomirbe i dobrosusjedskih odnosa te stvarna \u017eelja Crne Gore za pribli\u017eavanjem Europskoj uniji. Crna Gora kao dr\u017eava kandidatkinja za \u010dlanstvo u Europskoj uniji \u00a0podr\u017eala je prijedlog Njema\u010dke i Ruande za dono\u0161enje rezolucije o genocidu u Srebrenici, a nekoliko dana poslije Skup\u0161tina Crne Gore donijela je Rezoluciju o genocidu u sistemu logora Jasenovac, Dachau i Mauthausen kojoj nije svrha iskazivanje pijeteta \u017ertvama logora Jasenovac a koji Republika Hrvatska sve vrijeme nedvojbeno iskazuje. Skup\u0161tina Crne Gore Rezoluciju koristi radi kratkoro\u010dnih politi\u010dkih ciljeva trenuta\u010dne vlasti u Crnoj Gori i relativizacije UN-ove rezolucije o genocidu u Srebrenici te promicanja koncepta tzv. srpskog svijeta, a \u0161to koristi ruskim nastojanjima destabilizacije Europe.<\/p>\n<p>Odbor za vanjsku politiku smatra pozitivnim \u010dinjenicu da u crnogorskoj Skup\u0161tini postoje politi\u010dke snage koje podr\u017eavaju europski put Crne Gore i dobrosusjedske odnose s Republikom Hrvatskom, kao i \u010dinjenicu da \u00a0je predsjednik Crne Gore osudio ovu Rezoluciju.Odbor za vanjsku politiku smatra da iza tog \u010dina stoje i izvana dirigirani planovi kako bi se antagonizirali odnosi Crne Gore i Republike Hrvatske, obeshrabrili proeuropski akteri u crnogorskom dru\u0161tvu te ciljano usporilo napredovanje Crne Gore ka \u010dlanstvu u Europsku uniju.<\/p>\n<p>Odbor nagla\u0161ava kako ovakav potez trenuta\u010dne vlasti Crne Gore prema Republici Hrvatskoj koja je do\u017eivjela te\u0161ko ratno stradavanje i velike ljudske \u017ertve 90-ih godina, za vrijeme agresije Milo\u0161evi\u0107evog re\u017eima koji je vladao Srbijom, a u kojima je, na\u017ealost, sudjelovala i Crna Gora, ima za cilj naru\u0161avanje odnosa izme\u0111u dvije zemlje. Podsje\u0107amo kako Crna Gora nije jasno i nedvojbeno osudila zlo\u010dine u crnogorskom logoru Morinj, \u0161tovi\u0161e smijenila je du\u017enosnike koji su podr\u017eali postavljanje plo\u010de u logoru, a nije ni osudila agresiju na Republiku Hrvatsku.<\/p>\n<p>Odbor za vanjsku politiku stoga poziva Crnu Goru na suzdr\u017eavanje od daljnjih poteza koji bi dodatno unazadili odnose dviju susjednih dr\u017eava te da se suo\u010di s vlastitom odgovorno\u0161\u0107u kroz procesuiranje ratnih zlo\u010dina na najvi\u0161oj razini koje su dr\u017eavljani Crne Gore po\u010dinili tijekom agresije na Republiku Hrvatsku na dubrova\u010dkom podru\u010dju (Grad Dubrovnik, Dubrova\u010dko primorje, \u017dupa dubrova\u010dka i Konavle). Tako\u0111er poziva da se rije\u0161e druga otvorena pitanja, uklju\u010duju\u0107i i od\u0161tetu ratnim zato\u010denicima u crnogorskim logorima, i za\u0161titu svih prava hrvatske nacionalne manjine u Crnoj Gori, sukladno Zajedni\u010dkom stajali\u0161tu Europske unije za poglavlje 23, predstavljenom na Me\u0111uvladinoj konferenciji 26. lipnja 2024., kao i pitanje granice na moru te povrata \u0160kolskog broda Jadran.<\/p>\n<p>Odbor za vanjsku politiku o\u010dekuje da Crna Gora odustane od daljnjeg antagoniziranja odnosa s Republikom Hrvatskom radi nastavka ja\u010danja bilateralne suradnje, uklju\u010duju\u0107i i one na parlamentarnoj razini, te nastavka potpore procesu pristupanja Crne Gore Europskoj uniji.\u201c<\/p>\n<p>Odbor za vanjsku politiku nadle\u017ean je za pitanja vanjske politike i me\u0111unarodnih odnosa i pitanja zajedni\u010dke vanjske i sigurnosne politike Europske unije te prati politike Europske unije iz svoje nadle\u017enosti, uklju\u010duju\u0107i politiku pro\u0161irenja Europske unije i pristupne pregovore te na svojim sjednicama prati i raspravlja o aktualnoj politi\u010dkoj situaciji, kao i o situaciji u jugoisto\u010dnoj Europi.<\/p>\n","protected":false},"excerpt":{"rendered":"<p>Odbor za vanjsku politiku raspraviljao je o situaciji u bilateralnim odnosima izme\u0111u Republike Hrvatske i Crne Gore nakon \u0161to je Skup\u0161tina Crne Gore 28. juna 2024. usvojila Rezoluciju o genocidu u sistemu logora Jasenovac, Dachau i Mauthausen te jednoglasno usvojio Zaklju\u010dak Odbora.<\/p>\n","protected":false},"author":1,"featured_media":406665,"comment_status":"open","ping_status":"closed","sticky":false,"template":"","format":"standard","meta":{"_seopress_robots_primary_cat":"none","_seopress_titles_title":"","_seopress_titles_desc":"","_seopress_robots_index":"","_et_pb_use_builder":"","_et_pb_old_content":"","_et_gb_content_width":"","inline_featured_image":false,"footnotes":""},"categories":[14],"tags":[],"class_list":["post-406989","post","type-post","status-publish","format-standard","has-post-thumbnail","hentry","category-vijesti"],"_links":{"self":[{"href":"https:\/\/www.pcnen.com\/portal\/wp-json\/wp\/v2\/posts\/406989","targetHints":{"allow":["GET"]}}],"collection":[{"href":"https:\/\/www.pcnen.com\/portal\/wp-json\/wp\/v2\/posts"}],"about":[{"href":"https:\/\/www.pcnen.com\/portal\/wp-json\/wp\/v2\/types\/post"}],"author":[{"embeddable":true,"href":"https:\/\/www.pcnen.com\/portal\/wp-json\/wp\/v2\/users\/1"}],"replies":[{"embeddable":true,"href":"https:\/\/www.pcnen.com\/portal\/wp-json\/wp\/v2\/comments?post=406989"}],"version-history":[{"count":2,"href":"https:\/\/www.pcnen.com\/portal\/wp-json\/wp\/v2\/posts\/406989\/revisions"}],"predecessor-version":[{"id":406993,"href":"https:\/\/www.pcnen.com\/portal\/wp-json\/wp\/v2\/posts\/406989\/revisions\/406993"}],"wp:featuredmedia":[{"embeddable":true,"href":"https:\/\/www.pcnen.com\/portal\/wp-json\/wp\/v2\/media\/406665"}],"wp:attachment":[{"href":"https:\/\/www.pcnen.com\/portal\/wp-json\/wp\/v2\/media?parent=406989"}],"wp:term":[{"taxonomy":"category","embeddable":true,"href":"https:\/\/www.pcnen.com\/portal\/wp-json\/wp\/v2\/categories?post=406989"},{"taxonomy":"post_tag","embeddable":true,"href":"https:\/\/www.pcnen.com\/portal\/wp-json\/wp\/v2\/tags?post=406989"}],"curies":[{"name":"wp","href":"https:\/\/api.w.org\/{rel}","templated":true}]}}