{"id":406985,"date":"2024-07-11T18:53:53","date_gmt":"2024-07-11T16:53:53","guid":{"rendered":"https:\/\/www.pcnen.com\/portal\/?p=406985"},"modified":"2024-07-11T19:52:58","modified_gmt":"2024-07-11T17:52:58","slug":"sasi-cadjenovicu-ukinut-pritvor","status":"publish","type":"post","link":"https:\/\/www.pcnen.com\/portal\/2024\/07\/11\/sasi-cadjenovicu-ukinut-pritvor\/","title":{"rendered":"Sa\u0161i \u010ca\u0111enovi\u0107u ukinut pritvor"},"content":{"rendered":"<p>Biv\u0161em specijalnom tu\u017eiocu Sa\u0161i \u010ca\u0111enovi\u0107u, ukinut je pritvor, potvrdio je &#8220;Vijestima&#8221; njegov branilac advokat Vaso Be\u010danovi\u0107.<\/p>\n<p>Naveo je da je vije\u0107e Vi\u0161eg suda donijelo rje\u0161enje kojim je \u010ca\u0111enovi\u0107u ukinut pritvor.<\/p>\n<p>Izre\u010dena mu je mjera zabrane napu\u0161tanja mjesta stanovanja.<\/p>\n<p>Po\u010detak su\u0111enja je zakazan za 16. jul.<\/p>\n<p>\u010ca\u0111enovi\u0107 je uhap\u0161en u decembru 2022. godine zbog sumnje da je po\u010dinio krivi\u010dno djelo stvaranje kriminalne organizacije i vi\u0161e krivi\u010dnih djela zloupotrebe slu\u017ebenog polo\u017eaja.<\/p>\n<p>Specijalno dr\u017eavno tu\u017eila\u0161tvo sumnji\u010di ga da je slu\u017ebeno djelovanje podredio interesima kava\u010dkog kriminalnog klana.<\/p>\n<p><a href=\"https:\/\/www.pcnen.com\/portal\/?s=%C4%8Ca%C4%91enovi%C4%87\" target=\"_blank\" rel=\"noopener\">VEZANE VIJESTI<\/a><\/p>\n","protected":false},"excerpt":{"rendered":"<p>Biv\u0161em specijalnom tu\u017eiocu Sa\u0161i \u010ca\u0111enovi\u0107u, ukinut je pritvor, potvrdio je &#8220;Vijestima&#8221; njegov branilac advokat Vaso Be\u010danovi\u0107.<\/p>\n","protected":false},"author":1,"featured_media":326019,"comment_status":"open","ping_status":"closed","sticky":false,"template":"","format":"standard","meta":{"_seopress_robots_primary_cat":"none","_seopress_titles_title":"","_seopress_titles_desc":"","_seopress_robots_index":"","_et_pb_use_builder":"","_et_pb_old_content":"","_et_gb_content_width":"","inline_featured_image":false,"footnotes":""},"categories":[14],"tags":[],"class_list":["post-406985","post","type-post","status-publish","format-standard","has-post-thumbnail","hentry","category-vijesti"],"_links":{"self":[{"href":"https:\/\/www.pcnen.com\/portal\/wp-json\/wp\/v2\/posts\/406985","targetHints":{"allow":["GET"]}}],"collection":[{"href":"https:\/\/www.pcnen.com\/portal\/wp-json\/wp\/v2\/posts"}],"about":[{"href":"https:\/\/www.pcnen.com\/portal\/wp-json\/wp\/v2\/types\/post"}],"author":[{"embeddable":true,"href":"https:\/\/www.pcnen.com\/portal\/wp-json\/wp\/v2\/users\/1"}],"replies":[{"embeddable":true,"href":"https:\/\/www.pcnen.com\/portal\/wp-json\/wp\/v2\/comments?post=406985"}],"version-history":[{"count":2,"href":"https:\/\/www.pcnen.com\/portal\/wp-json\/wp\/v2\/posts\/406985\/revisions"}],"predecessor-version":[{"id":406994,"href":"https:\/\/www.pcnen.com\/portal\/wp-json\/wp\/v2\/posts\/406985\/revisions\/406994"}],"wp:featuredmedia":[{"embeddable":true,"href":"https:\/\/www.pcnen.com\/portal\/wp-json\/wp\/v2\/media\/326019"}],"wp:attachment":[{"href":"https:\/\/www.pcnen.com\/portal\/wp-json\/wp\/v2\/media?parent=406985"}],"wp:term":[{"taxonomy":"category","embeddable":true,"href":"https:\/\/www.pcnen.com\/portal\/wp-json\/wp\/v2\/categories?post=406985"},{"taxonomy":"post_tag","embeddable":true,"href":"https:\/\/www.pcnen.com\/portal\/wp-json\/wp\/v2\/tags?post=406985"}],"curies":[{"name":"wp","href":"https:\/\/api.w.org\/{rel}","templated":true}]}}