{"id":406976,"date":"2024-07-11T18:13:03","date_gmt":"2024-07-11T16:13:03","guid":{"rendered":"https:\/\/www.pcnen.com\/portal\/?p=406976"},"modified":"2024-07-11T18:13:03","modified_gmt":"2024-07-11T16:13:03","slug":"isplata-obestecenja-bivsim-vlasnicima-oduzetih-imovinskih-prava-pocinje-15-jula","status":"publish","type":"post","link":"https:\/\/www.pcnen.com\/portal\/2024\/07\/11\/isplata-obestecenja-bivsim-vlasnicima-oduzetih-imovinskih-prava-pocinje-15-jula\/","title":{"rendered":"Isplata obe\u0161te\u0107enja biv\u0161im vlasnicima oduzetih imovinskih prava po\u010dinje 15.jula"},"content":{"rendered":"<p>Vlada Crne Gore je danas usvojila Uredbu o utvr\u0111ivanju isplate obe\u0161te\u0107enja biv\u0161im vlasnicima oduzetih imovinskih prava u nov\u010danim sredstvima za 2024. godinu, zvani\u010dno je saop\u0161teno.<\/p>\n<p>&#8220;Obe\u0161te\u0107enje biv\u0161im vlasnicima, u skladu sa odredbama Zakona o povra\u0107aju oduzetih imovinskih prava i obe\u0161te\u0107enju, ispla\u0107uje se u jednogodi\u0161njim ratama, \u010dija isplata se vr\u0161i 15. jula svake godine po kona\u010dnim rje\u0161enjima dostavljenim Fondu za obe\u0161te\u0107enje do 31. decembra prethodne godine, prema raspolo\u017eivosti sredstava u Fondu, do njihove kona\u010dne isplate. Zakonom o bud\u017eetu za 2024. godinu je za obe\u0161te\u0107enje planirano 9.050.000 eura, pa je, u skladu sa planiranim sredstvima, Uredbom utvr\u0111ena dinamika i na\u010din isplate godi\u0161nje rate za teku\u0107u godinu. Isplata se obra\u010dunava prema vrijednosti koja odgovara 13 % od preostalog neispla\u0107enog iznosa obe\u0161te\u0107enja utvr\u0111enih kona\u010dnim rje\u0161enjima komisija. Obra\u010dun rate za svakog biv\u0161eg vlasnika, odnosno nasljednika, izvr\u0161i\u0107e se prema njegovom udjelu (nasljedni udio) u preostalom neispla\u0107enom iznosu obe\u0161te\u0107enja utvr\u0111enim rje\u0161enjem Komisije, a isplata \u0107e zapo\u010deti 15. jula 2024. godine. Uredbom je propisano da \u0107e se za izvr\u0161na rje\u0161enja \u010diji iznos obe\u0161te\u0107enja ne prelazi 10.000 eura, isplata godi\u0161nje rate izvr\u0161iti u cjelokupnom iznosu&#8221;, re\u010deno je u saop\u0161tenju izdatom nakon sjednice Vlade.<\/p>\n","protected":false},"excerpt":{"rendered":"<p>Uredbom je propisano da \u0107e se za izvr\u0161na rje\u0161enja \u010diji iznos obe\u0161te\u0107enja ne prelazi 10.000 eura, isplata godi\u0161nje rate izvr\u0161iti u cjelokupnom iznosu<\/p>\n","protected":false},"author":1,"featured_media":288612,"comment_status":"open","ping_status":"closed","sticky":false,"template":"","format":"standard","meta":{"_seopress_robots_primary_cat":"none","_seopress_titles_title":"","_seopress_titles_desc":"","_seopress_robots_index":"","_et_pb_use_builder":"","_et_pb_old_content":"","_et_gb_content_width":"","inline_featured_image":false,"footnotes":""},"categories":[14],"tags":[],"class_list":["post-406976","post","type-post","status-publish","format-standard","has-post-thumbnail","hentry","category-vijesti"],"_links":{"self":[{"href":"https:\/\/www.pcnen.com\/portal\/wp-json\/wp\/v2\/posts\/406976","targetHints":{"allow":["GET"]}}],"collection":[{"href":"https:\/\/www.pcnen.com\/portal\/wp-json\/wp\/v2\/posts"}],"about":[{"href":"https:\/\/www.pcnen.com\/portal\/wp-json\/wp\/v2\/types\/post"}],"author":[{"embeddable":true,"href":"https:\/\/www.pcnen.com\/portal\/wp-json\/wp\/v2\/users\/1"}],"replies":[{"embeddable":true,"href":"https:\/\/www.pcnen.com\/portal\/wp-json\/wp\/v2\/comments?post=406976"}],"version-history":[{"count":1,"href":"https:\/\/www.pcnen.com\/portal\/wp-json\/wp\/v2\/posts\/406976\/revisions"}],"predecessor-version":[{"id":406979,"href":"https:\/\/www.pcnen.com\/portal\/wp-json\/wp\/v2\/posts\/406976\/revisions\/406979"}],"wp:featuredmedia":[{"embeddable":true,"href":"https:\/\/www.pcnen.com\/portal\/wp-json\/wp\/v2\/media\/288612"}],"wp:attachment":[{"href":"https:\/\/www.pcnen.com\/portal\/wp-json\/wp\/v2\/media?parent=406976"}],"wp:term":[{"taxonomy":"category","embeddable":true,"href":"https:\/\/www.pcnen.com\/portal\/wp-json\/wp\/v2\/categories?post=406976"},{"taxonomy":"post_tag","embeddable":true,"href":"https:\/\/www.pcnen.com\/portal\/wp-json\/wp\/v2\/tags?post=406976"}],"curies":[{"name":"wp","href":"https:\/\/api.w.org\/{rel}","templated":true}]}}