{"id":406954,"date":"2024-07-11T14:29:02","date_gmt":"2024-07-11T12:29:02","guid":{"rendered":"https:\/\/www.pcnen.com\/portal\/?p=406954"},"modified":"2024-07-11T14:29:02","modified_gmt":"2024-07-11T12:29:02","slug":"cetiri-drzave-potpisale-sporazum-koji-omogucava-prodor-nato-trupa-duboko-na-balkan","status":"publish","type":"post","link":"https:\/\/www.pcnen.com\/portal\/2024\/07\/11\/cetiri-drzave-potpisale-sporazum-koji-omogucava-prodor-nato-trupa-duboko-na-balkan\/","title":{"rendered":"\u010cetiri dr\u017eave potpisale sporazum koji omogu\u0107ava prodor NATO trupa duboko na Balkan"},"content":{"rendered":"<p>Albanija, Italija, Bugarska i S. Makedonija su potpisale, na NATO samitu u Va\u0161ingtonu, Pismo o namjerama za obezbje\u0111ivanje vojne mobilnosti du\u017e Panevropskog Koridora 7, obavezuju\u0107i se tako da vojnim trupama NATO-a omogu\u0107e da se brzo i slobodno kre\u0107u sa Jadranskog mora u Crno More kao i da, &#8220;ako je potrebno&#8221;, prodiru duboko na Balkan, javlja Albanijan post, prenosi RT Balkan.<\/p>\n<p>U me\u0111uvremenu, gr\u010dki ministar odbrane Nikos Dendijas je objavio na svom X nalogu da su i Gr\u010dka, Bugarska i Rumunija odlu\u010dile da stvore koridor vojne mobilnosti.<\/p>\n<p>Prvi koridor \u0107e se protezati od Italije preko Albanije i S. Makedonije do Bugarske, sa ciljem da se ubrza kretanje vojne opreme tokom vje\u017ebi i potencijalnih sukoba.<\/p>\n<p>Drugi koridor uklju\u010duje integraciju \u010detiri luke i njihove odgovaraju\u0107e infrastrukture i mre\u017ee. Poveza\u0107e Solun i Aleksandropolis u Gr\u010dkoj sa Varnom u Bugarskoj i Konstancom u Rumuniji \u2013 \u010detiri strate\u0161ki va\u017ena grada za NATO zbog njihove blizine isto\u010dnim granicama Alijanse.<\/p>\n<p>Pored toga, Rumunija uspostavlja najve\u0107u bazu NATO-a u Evropi, koja pokriva povr\u0161inu od 30 kvadratnih kilometara sa vi\u0161e od 10.000 pripadnika vojnog i civilnog osoblja.<\/p>\n<p>Britanski Telegraf je nedavno objavio da NATO razvija vi\u0161estruke kopnene koridore, putem kojih bi, u slu\u010daju velikog evropskog kopnenog rata sa Rusijom, na prve linije fronta prebacivao ameri\u010dke trupe i oklopna vozila.<\/p>\n<p>Prema planovima Alijanse, ako NATO snage koje ulaze u Evropu iz Holandije budu pogo\u0111ene ruskim bombardovanjem ili ukoliko budu uni\u0161tene luke u sjevernoj Evropi, Alijansa \u0107e se fokusirati na luke u Italiji, Gr\u010dkoj i Turskoj. Odatle bi vojska kopnom mogla da prelazi preko Slovenije i Hrvatske do Ma\u0111arske, koja dijeli granicu sa Ukrajinom.<\/p>\n<p>Sli\u010dni planovi postoje za transport snaga iz turskih i gr\u010dkih luka preko Bugarske i Rumunije do isto\u010dnog krila alijanse, a kako je Telegraf pisao, izra\u0111uju se i planovi za transport trupa preko luka na Balkanu, kao i kroz Norve\u0161ku, \u0160vedsku i Finsku.<\/p>\n<p>U zajedni\u010dkoj deklaraciji \u010dlanica Alijanse objavljenom na sajtu NATO-a nakon samita u Va\u0161ingtonu, re\u010deno je da su regioni Zapadnog Balkana i Crnog mora od strate\u0161kog zna\u010daja za Alijansu i da NATO ostaje sna\u017eno posve\u0107en njihovoj bezbjednosti i stabilnosti.<\/p>\n<blockquote class=\"wp-embedded-content\" data-secret=\"1Y1SoXCg3M\"><p><a href=\"https:\/\/www.pcnen.com\/portal\/2024\/07\/11\/nato-samit-rusija-i-dalje-najznacajnija-i-direktna-prijetnja-alijansi\/\">NATO samit: Rusija i dalje najzna\u010dajnija i direktna prijetnja alijansi<\/a><\/p><\/blockquote>\n<p><iframe loading=\"lazy\" class=\"wp-embedded-content\" sandbox=\"allow-scripts\" security=\"restricted\" style=\"position: absolute; clip: rect(1px, 1px, 1px, 1px);\" title=\"&#8220;NATO samit: Rusija i dalje najzna\u010dajnija i direktna prijetnja alijansi&#8221; &#8212; PCNEN\" src=\"https:\/\/www.pcnen.com\/portal\/2024\/07\/11\/nato-samit-rusija-i-dalje-najznacajnija-i-direktna-prijetnja-alijansi\/embed\/#?secret=TLWMTgsuir#?secret=1Y1SoXCg3M\" data-secret=\"1Y1SoXCg3M\" width=\"600\" height=\"338\" frameborder=\"0\" marginwidth=\"0\" marginheight=\"0\" scrolling=\"no\"><\/iframe><\/p>\n","protected":false},"excerpt":{"rendered":"<p>Albanija, Italija, Bugarska i S. Makedonija su potpisale, na NATO samitu u Va\u0161ingtonu, Pismo o namjerama za obezbje\u0111ivanje vojne mobilnosti du\u017e Panevropskog Koridora 7, obavezuju\u0107i se tako da vojnim trupama NATO-a omogu\u0107e da se brzo i slobodno kre\u0107u sa Jadranskog mora u Crno More kao i da, &#8220;ako je potrebno&#8221;, prodiru duboko na Balkan<\/p>\n","protected":false},"author":1,"featured_media":363082,"comment_status":"open","ping_status":"closed","sticky":false,"template":"","format":"standard","meta":{"_seopress_robots_primary_cat":"none","_seopress_titles_title":"","_seopress_titles_desc":"","_seopress_robots_index":"","_et_pb_use_builder":"","_et_pb_old_content":"","_et_gb_content_width":"","inline_featured_image":false,"footnotes":""},"categories":[14],"tags":[],"class_list":["post-406954","post","type-post","status-publish","format-standard","has-post-thumbnail","hentry","category-vijesti"],"_links":{"self":[{"href":"https:\/\/www.pcnen.com\/portal\/wp-json\/wp\/v2\/posts\/406954","targetHints":{"allow":["GET"]}}],"collection":[{"href":"https:\/\/www.pcnen.com\/portal\/wp-json\/wp\/v2\/posts"}],"about":[{"href":"https:\/\/www.pcnen.com\/portal\/wp-json\/wp\/v2\/types\/post"}],"author":[{"embeddable":true,"href":"https:\/\/www.pcnen.com\/portal\/wp-json\/wp\/v2\/users\/1"}],"replies":[{"embeddable":true,"href":"https:\/\/www.pcnen.com\/portal\/wp-json\/wp\/v2\/comments?post=406954"}],"version-history":[{"count":1,"href":"https:\/\/www.pcnen.com\/portal\/wp-json\/wp\/v2\/posts\/406954\/revisions"}],"predecessor-version":[{"id":406957,"href":"https:\/\/www.pcnen.com\/portal\/wp-json\/wp\/v2\/posts\/406954\/revisions\/406957"}],"wp:featuredmedia":[{"embeddable":true,"href":"https:\/\/www.pcnen.com\/portal\/wp-json\/wp\/v2\/media\/363082"}],"wp:attachment":[{"href":"https:\/\/www.pcnen.com\/portal\/wp-json\/wp\/v2\/media?parent=406954"}],"wp:term":[{"taxonomy":"category","embeddable":true,"href":"https:\/\/www.pcnen.com\/portal\/wp-json\/wp\/v2\/categories?post=406954"},{"taxonomy":"post_tag","embeddable":true,"href":"https:\/\/www.pcnen.com\/portal\/wp-json\/wp\/v2\/tags?post=406954"}],"curies":[{"name":"wp","href":"https:\/\/api.w.org\/{rel}","templated":true}]}}