{"id":406938,"date":"2024-07-11T10:19:18","date_gmt":"2024-07-11T08:19:18","guid":{"rendered":"https:\/\/www.pcnen.com\/portal\/?p=406938"},"modified":"2024-07-11T10:19:53","modified_gmt":"2024-07-11T08:19:53","slug":"niksicka-vlast-cestita-dan-drzavnosti-veseljem-zbog-osvajanja-skadra","status":"publish","type":"post","link":"https:\/\/www.pcnen.com\/portal\/2024\/07\/11\/niksicka-vlast-cestita-dan-drzavnosti-veseljem-zbog-osvajanja-skadra\/","title":{"rendered":"Nik\u0161i\u0107ka vlast \u010destita Dan dr\u017eavnosti veseljem zbog osvajanja Skadra"},"content":{"rendered":"<p>Istori\u010darka umjetnosti Tatjana Koprivica je javno, na platformi X, postavila pitanje koje se ti\u010de odnosa lokalne vlasti u Nik\u0161i\u0107u prema Danu dr\u017eavnosti Crne Gore.<\/p>\n<p>Ona je primjetila da je na bilbordu, uz \u010destitanje Dana dr\u017eavnosti, objavljena slika koja predstavlja veselje na Cetinju ispred kraljevog dvora povodom osvajanja Skadra.<\/p>\n<p>Krajem aprila 1913. godine, crnogorska vojska je zauzela Skadar, ali je ve\u0107 po\u010detkom maja pod pritiskom me\u0111unarodnih snaga bila primorana da se povu\u010de, a grad je pripao novoosnovanoj dr\u017eavi Albaniji, u skladu s odlukama Londonske konferencije.<\/p>\n<blockquote class=\"twitter-tweet\">\n<p dir=\"ltr\" lang=\"und\">Za\u0161to nam <a href=\"https:\/\/twitter.com\/OpstinaNiksic?ref_src=twsrc%5Etfw\">@OpstinaNiksic<\/a> \u010destita Dan dr\u017eavnosti ilustracijom A. Beltrama iz &#8220;La Domenica del Corriere&#8221; (br. 18, 4-11. maj 1913) na kojoj je predstavljeno veselje na Cetinju povodom crnogorskog osvajanja albanskog Skadra? <a href=\"https:\/\/t.co\/4MwbcEkwQR\">pic.twitter.com\/4MwbcEkwQR<\/a><\/p>\n<p>\u2014 Tatjana Koprivica (@tatjakoprivica) <a href=\"https:\/\/twitter.com\/tatjakoprivica\/status\/1811000194223235296?ref_src=twsrc%5Etfw\">July 10, 2024<\/a><\/p><\/blockquote>\n<p><script async src=\"https:\/\/platform.twitter.com\/widgets.js\" charset=\"utf-8\"><\/script><\/p>\n","protected":false},"excerpt":{"rendered":"<p>Istori\u010darka umjetnosti Tatjana Koprivica je javno, na platformi X, postavila pitanje koje se ti\u010de odnosa lokalne vlasti u Nik\u0161i\u0107u prema Danu dr\u017eavnosti Crne Gore<\/p>\n","protected":false},"author":1,"featured_media":406941,"comment_status":"open","ping_status":"closed","sticky":false,"template":"","format":"standard","meta":{"_seopress_robots_primary_cat":"none","_seopress_titles_title":"","_seopress_titles_desc":"","_seopress_robots_index":"","_et_pb_use_builder":"","_et_pb_old_content":"","_et_gb_content_width":"","inline_featured_image":false,"footnotes":""},"categories":[14],"tags":[],"class_list":["post-406938","post","type-post","status-publish","format-standard","has-post-thumbnail","hentry","category-vijesti"],"_links":{"self":[{"href":"https:\/\/www.pcnen.com\/portal\/wp-json\/wp\/v2\/posts\/406938","targetHints":{"allow":["GET"]}}],"collection":[{"href":"https:\/\/www.pcnen.com\/portal\/wp-json\/wp\/v2\/posts"}],"about":[{"href":"https:\/\/www.pcnen.com\/portal\/wp-json\/wp\/v2\/types\/post"}],"author":[{"embeddable":true,"href":"https:\/\/www.pcnen.com\/portal\/wp-json\/wp\/v2\/users\/1"}],"replies":[{"embeddable":true,"href":"https:\/\/www.pcnen.com\/portal\/wp-json\/wp\/v2\/comments?post=406938"}],"version-history":[{"count":2,"href":"https:\/\/www.pcnen.com\/portal\/wp-json\/wp\/v2\/posts\/406938\/revisions"}],"predecessor-version":[{"id":406943,"href":"https:\/\/www.pcnen.com\/portal\/wp-json\/wp\/v2\/posts\/406938\/revisions\/406943"}],"wp:featuredmedia":[{"embeddable":true,"href":"https:\/\/www.pcnen.com\/portal\/wp-json\/wp\/v2\/media\/406941"}],"wp:attachment":[{"href":"https:\/\/www.pcnen.com\/portal\/wp-json\/wp\/v2\/media?parent=406938"}],"wp:term":[{"taxonomy":"category","embeddable":true,"href":"https:\/\/www.pcnen.com\/portal\/wp-json\/wp\/v2\/categories?post=406938"},{"taxonomy":"post_tag","embeddable":true,"href":"https:\/\/www.pcnen.com\/portal\/wp-json\/wp\/v2\/tags?post=406938"}],"curies":[{"name":"wp","href":"https:\/\/api.w.org\/{rel}","templated":true}]}}