{"id":406890,"date":"2024-07-10T21:12:11","date_gmt":"2024-07-10T19:12:11","guid":{"rendered":"https:\/\/www.pcnen.com\/portal\/?p=406890"},"modified":"2024-07-10T21:12:55","modified_gmt":"2024-07-10T19:12:55","slug":"knezevic-zahvalio-vucicu-za-otkup-lubenica-iz-zete","status":"publish","type":"post","link":"https:\/\/www.pcnen.com\/portal\/2024\/07\/10\/knezevic-zahvalio-vucicu-za-otkup-lubenica-iz-zete\/","title":{"rendered":"Kne\u017eevi\u0107 zahvalio Vu\u010di\u0107u za otkup lubenica iz Zete"},"content":{"rendered":"<p>Lider Demokratske narodne partije Milan Kne\u017eevi\u0107 je na mre\u017ei X objavio da \u0107e Srbija otkupiti ovogodi\u0161nje zalihe lubenice sa teritorije op\u0161tine Zeta i zahvalio se predsjedniku te dr\u017eave Aleksandru Vu\u010di\u0107u.<\/p>\n<p>&#8220;Ovim putem \u017eelim javno da se zahvalim predsjedniku Srbije Aleksandru Vu\u010di\u0107u, jer je nakon razgovora koji smo imali, i moje molbe, omogu\u0107io da Srbija otpo\u010dne otkup ovogodi\u0161nje proizvodnje lubenica na podru\u010dju op\u0161tine Zeta, i tako spasi poljoprivrednu sezonu u na\u0161oj op\u0161tini&#8221;, napisao je Kne\u017eevi\u0107<\/p>\n<p>Ovaj postupak nazvao je bratskim \u010dinom pomo\u0107i, koji Ze\u0107ani nikada ne\u0107e zaboraviti.<\/p>\n<p>&#8220;Tako\u0111e, iskazujem zahvalnost i ministru Tomi Momirovi\u0107u na tehni\u010dkoj podr\u0161ci u realizaciji otkupa. Nadam se da nas u narednom periodu o\u010dekuju ozbiljne infrastrukturne investicije i saradnja sa bratskom Srbijom&#8221;, naveo je Kne\u017eevi\u0107.<\/p>\n<blockquote class=\"twitter-tweet\">\n<p dir=\"ltr\" lang=\"zxx\"><a href=\"https:\/\/t.co\/W4IBXWS19H\">pic.twitter.com\/W4IBXWS19H<\/a><\/p>\n<p>\u2014 Milan Kne\u017eevi\u0107 (@MilanKnezevic80) <a href=\"https:\/\/twitter.com\/MilanKnezevic80\/status\/1811096884536062453?ref_src=twsrc%5Etfw\">July 10, 2024<\/a><\/p><\/blockquote>\n<p><script async src=\"https:\/\/platform.twitter.com\/widgets.js\" charset=\"utf-8\"><\/script><\/p>\n","protected":false},"excerpt":{"rendered":"<p>Lider Demokratske narodne partije Milan Kne\u017eevi\u0107 je na mre\u017ei X objavio da \u0107e Srbija otkupiti ovogodi\u0161nje zalihe lubenice sa teritorije op\u0161tine Zeta i zahvalio se predsjedniku te dr\u017eave Aleksandru Vu\u010di\u0107u.<\/p>\n","protected":false},"author":1,"featured_media":406893,"comment_status":"open","ping_status":"closed","sticky":false,"template":"","format":"standard","meta":{"_seopress_robots_primary_cat":"none","_seopress_titles_title":"","_seopress_titles_desc":"","_seopress_robots_index":"","_et_pb_use_builder":"","_et_pb_old_content":"","_et_gb_content_width":"","inline_featured_image":false,"footnotes":""},"categories":[14],"tags":[],"class_list":["post-406890","post","type-post","status-publish","format-standard","has-post-thumbnail","hentry","category-vijesti"],"_links":{"self":[{"href":"https:\/\/www.pcnen.com\/portal\/wp-json\/wp\/v2\/posts\/406890","targetHints":{"allow":["GET"]}}],"collection":[{"href":"https:\/\/www.pcnen.com\/portal\/wp-json\/wp\/v2\/posts"}],"about":[{"href":"https:\/\/www.pcnen.com\/portal\/wp-json\/wp\/v2\/types\/post"}],"author":[{"embeddable":true,"href":"https:\/\/www.pcnen.com\/portal\/wp-json\/wp\/v2\/users\/1"}],"replies":[{"embeddable":true,"href":"https:\/\/www.pcnen.com\/portal\/wp-json\/wp\/v2\/comments?post=406890"}],"version-history":[{"count":2,"href":"https:\/\/www.pcnen.com\/portal\/wp-json\/wp\/v2\/posts\/406890\/revisions"}],"predecessor-version":[{"id":406895,"href":"https:\/\/www.pcnen.com\/portal\/wp-json\/wp\/v2\/posts\/406890\/revisions\/406895"}],"wp:featuredmedia":[{"embeddable":true,"href":"https:\/\/www.pcnen.com\/portal\/wp-json\/wp\/v2\/media\/406893"}],"wp:attachment":[{"href":"https:\/\/www.pcnen.com\/portal\/wp-json\/wp\/v2\/media?parent=406890"}],"wp:term":[{"taxonomy":"category","embeddable":true,"href":"https:\/\/www.pcnen.com\/portal\/wp-json\/wp\/v2\/categories?post=406890"},{"taxonomy":"post_tag","embeddable":true,"href":"https:\/\/www.pcnen.com\/portal\/wp-json\/wp\/v2\/tags?post=406890"}],"curies":[{"name":"wp","href":"https:\/\/api.w.org\/{rel}","templated":true}]}}