{"id":406885,"date":"2024-07-10T19:56:30","date_gmt":"2024-07-10T17:56:30","guid":{"rendered":"https:\/\/www.pcnen.com\/portal\/?p=406885"},"modified":"2024-07-10T19:56:30","modified_gmt":"2024-07-10T17:56:30","slug":"nato-poceo-da-salje-borbene-avione-f-16-u-ukrajinu","status":"publish","type":"post","link":"https:\/\/www.pcnen.com\/portal\/2024\/07\/10\/nato-poceo-da-salje-borbene-avione-f-16-u-ukrajinu\/","title":{"rendered":"NATO po\u010deo da \u0161alje borbene avione F-16 u Ukrajinu"},"content":{"rendered":"<p>Dr\u017eave \u010dlanice NATO su danas objavile da su po\u010dele da prebacuju borbene avione F-16 u Ukrajinu dok njihovi lideri u Va\u0161ingtonu poku\u0161avaju da prevazi\u0111u politi\u010dke neizvjesnosti svog istorijskog samita.<\/p>\n<p>Avioni F-16, iz Danske i Holandije, &#8220;letjec\u0301e na ukrajinskom nebu ovog ljeta da bi osigurali da Ukrajina mo\u017ee da nastavi da se efikasno brani od ruske agresije&#8221;, izjavio je ameri\u010dki dr\u017eavni sekretar Entoni Blinken, prenosi Beta.<\/p>\n<p>Bijela kuc\u0301a je precizirala da su se Belgija i Norve\u0161ka obavezale da c\u0301e obezbijediti drugo naoru\u017eanje.<\/p>\n<p>Predsjednik SAD D\u017eozef Bajden je u utorak uve\u010de potvrdio da c\u0301e saveznici Ukrajini tako\u0111e dati pet dodatnih sistema protiv-vazduhoplovne odbrane, uklju\u010dujuc\u0301i \u010detiri baterije tipa &#8220;Patriot&#8221; \u010dije su rakete zemlja-vazduh posebno efikasne u presretanju ruskih balisti\u010dkih projektila.<\/p>\n<p>Njema\u010dka, Holandija, Rumunija i Italija tako\u0111e treba da daju doprinos.<\/p>\n<p>Rusija je nedavno poja\u010dala raketne napade na Ukrajinu, uklju\u010dujuc\u0301i razaranje najvec\u0301e dje\u010dije bolnice te zemlje u Kijevu.<\/p>\n<p>Ruske rakete su uni\u0161tile polovinu ukrajinskih kapaciteta za proizvodnju elektri\u010dne energije.<\/p>\n","protected":false},"excerpt":{"rendered":"<p>Dr\u017eave \u010dlanice NATO su danas objavile da su po\u010dele da prebacuju borbene avione F-16 u Ukrajinu dok njihovi lideri u Va\u0161ingtonu poku\u0161avaju da prevazi\u0111u politi\u010dke neizvjesnosti svog istorijskog samita.<\/p>\n","protected":false},"author":1,"featured_media":406888,"comment_status":"open","ping_status":"closed","sticky":false,"template":"","format":"standard","meta":{"_seopress_robots_primary_cat":"none","_seopress_titles_title":"","_seopress_titles_desc":"","_seopress_robots_index":"","_et_pb_use_builder":"","_et_pb_old_content":"","_et_gb_content_width":"","inline_featured_image":false,"footnotes":""},"categories":[14],"tags":[],"class_list":["post-406885","post","type-post","status-publish","format-standard","has-post-thumbnail","hentry","category-vijesti"],"_links":{"self":[{"href":"https:\/\/www.pcnen.com\/portal\/wp-json\/wp\/v2\/posts\/406885","targetHints":{"allow":["GET"]}}],"collection":[{"href":"https:\/\/www.pcnen.com\/portal\/wp-json\/wp\/v2\/posts"}],"about":[{"href":"https:\/\/www.pcnen.com\/portal\/wp-json\/wp\/v2\/types\/post"}],"author":[{"embeddable":true,"href":"https:\/\/www.pcnen.com\/portal\/wp-json\/wp\/v2\/users\/1"}],"replies":[{"embeddable":true,"href":"https:\/\/www.pcnen.com\/portal\/wp-json\/wp\/v2\/comments?post=406885"}],"version-history":[{"count":1,"href":"https:\/\/www.pcnen.com\/portal\/wp-json\/wp\/v2\/posts\/406885\/revisions"}],"predecessor-version":[{"id":406889,"href":"https:\/\/www.pcnen.com\/portal\/wp-json\/wp\/v2\/posts\/406885\/revisions\/406889"}],"wp:featuredmedia":[{"embeddable":true,"href":"https:\/\/www.pcnen.com\/portal\/wp-json\/wp\/v2\/media\/406888"}],"wp:attachment":[{"href":"https:\/\/www.pcnen.com\/portal\/wp-json\/wp\/v2\/media?parent=406885"}],"wp:term":[{"taxonomy":"category","embeddable":true,"href":"https:\/\/www.pcnen.com\/portal\/wp-json\/wp\/v2\/categories?post=406885"},{"taxonomy":"post_tag","embeddable":true,"href":"https:\/\/www.pcnen.com\/portal\/wp-json\/wp\/v2\/tags?post=406885"}],"curies":[{"name":"wp","href":"https:\/\/api.w.org\/{rel}","templated":true}]}}