{"id":406881,"date":"2024-07-10T19:50:23","date_gmt":"2024-07-10T17:50:23","guid":{"rendered":"https:\/\/www.pcnen.com\/portal\/?p=406881"},"modified":"2024-07-10T19:50:23","modified_gmt":"2024-07-10T17:50:23","slug":"suncano-do-39-stepeni-4","status":"publish","type":"post","link":"https:\/\/www.pcnen.com\/portal\/2024\/07\/10\/suncano-do-39-stepeni-4\/","title":{"rendered":"Sun\u010dano, do 39 stepeni"},"content":{"rendered":"<p>U \u010detvrtak \u0107e U Crnoj Gori biti sun\u010dano i veoma toplo.<\/p>\n<p>Na sjeveru je ujutro po kotlinama mogu\u0107a kratkotrajno magla, a poslijepodne slab do umjeren razvoj obla\u010dnosti.<\/p>\n<p>Vjetar slab do umjeren, bi\u0107e ju\u017eni i zapadni.<\/p>\n<p>Jutarnja temperatura vazduha kreta\u0107e se od 12 do 26, najvi\u0161a dnevna od 29 do 39 stepeni.<\/p>\n<p>I u Podgoricp \u0107e biti sun\u010dano i vru\u0107e.<\/p>\n<p>Vjetar slab do umjeren bi\u0107e ju\u017eni i jugoisto\u010dni.<\/p>\n<p>Jutarnja temperatura vazduha \u0107e biti 26, najvi\u0161a dnevna 39 stepeni.<\/p>\n","protected":false},"excerpt":{"rendered":"<p>U \u010detvrtak \u0107e U Crnoj Gori biti sun\u010dano i veoma toplo.<\/p>\n","protected":false},"author":1,"featured_media":373956,"comment_status":"open","ping_status":"closed","sticky":false,"template":"","format":"standard","meta":{"_seopress_robots_primary_cat":"none","_seopress_titles_title":"","_seopress_titles_desc":"","_seopress_robots_index":"","_et_pb_use_builder":"","_et_pb_old_content":"","_et_gb_content_width":"","inline_featured_image":false,"footnotes":""},"categories":[14],"tags":[],"class_list":["post-406881","post","type-post","status-publish","format-standard","has-post-thumbnail","hentry","category-vijesti"],"_links":{"self":[{"href":"https:\/\/www.pcnen.com\/portal\/wp-json\/wp\/v2\/posts\/406881","targetHints":{"allow":["GET"]}}],"collection":[{"href":"https:\/\/www.pcnen.com\/portal\/wp-json\/wp\/v2\/posts"}],"about":[{"href":"https:\/\/www.pcnen.com\/portal\/wp-json\/wp\/v2\/types\/post"}],"author":[{"embeddable":true,"href":"https:\/\/www.pcnen.com\/portal\/wp-json\/wp\/v2\/users\/1"}],"replies":[{"embeddable":true,"href":"https:\/\/www.pcnen.com\/portal\/wp-json\/wp\/v2\/comments?post=406881"}],"version-history":[{"count":1,"href":"https:\/\/www.pcnen.com\/portal\/wp-json\/wp\/v2\/posts\/406881\/revisions"}],"predecessor-version":[{"id":406884,"href":"https:\/\/www.pcnen.com\/portal\/wp-json\/wp\/v2\/posts\/406881\/revisions\/406884"}],"wp:featuredmedia":[{"embeddable":true,"href":"https:\/\/www.pcnen.com\/portal\/wp-json\/wp\/v2\/media\/373956"}],"wp:attachment":[{"href":"https:\/\/www.pcnen.com\/portal\/wp-json\/wp\/v2\/media?parent=406881"}],"wp:term":[{"taxonomy":"category","embeddable":true,"href":"https:\/\/www.pcnen.com\/portal\/wp-json\/wp\/v2\/categories?post=406881"},{"taxonomy":"post_tag","embeddable":true,"href":"https:\/\/www.pcnen.com\/portal\/wp-json\/wp\/v2\/tags?post=406881"}],"curies":[{"name":"wp","href":"https:\/\/api.w.org\/{rel}","templated":true}]}}