{"id":406852,"date":"2024-07-10T15:10:57","date_gmt":"2024-07-10T13:10:57","guid":{"rendered":"https:\/\/www.pcnen.com\/portal\/?p=406852"},"modified":"2024-07-10T15:10:57","modified_gmt":"2024-07-10T13:10:57","slug":"mc-jos-jedna-u-nizu-nezakonitih-odluka-savjeta-rtcg","status":"publish","type":"post","link":"https:\/\/www.pcnen.com\/portal\/2024\/07\/10\/mc-jos-jedna-u-nizu-nezakonitih-odluka-savjeta-rtcg\/","title":{"rendered":"MC: Jo\u0161 jedna u nizu nezakonitih odluka Savjeta RTCG"},"content":{"rendered":"<p>Media centar (MC) je danas skrenuo pa\u017enju na nevaljanost izbora ombudsmana RTCG i zaklju\u010dio da je to jo\u0161 jedna u nizu problemati\u010dnih odluka Savjeta nacionalnog javnog emitera.<\/p>\n<p>&#8220;Uslovi iz konkursa su podrazumijvali da kandidati moraju imati VII 1 stepen kvalifikacije i najmanje 10 godina radnog iskustva u audiovizuelnim medijima. Iz biografije Todora Brajkovi\u0107a se mo\u017ee zaklju\u010diti da je on bio sportski novinar u dnevnom listu Dan i da nema potrebnih 10 godina radnog iskustva na televiziji ili radiju&#8221;, re\u010deno je u <a href=\"https:\/\/mediacentar.me\/ombudsman-rtcg-izabran-suprotno-uslovima-navedenim-u-konkursu\/\" target=\"_blank\" rel=\"noopener\">reagovanju<\/a> Media centra.<\/p>\n<p>&#8220;Ovo je jedna u nizu nezakonitih odluka koje je donijela ve\u0107ina u Savjetu RTCG na \u010delu sa predsjednikom Veselinom Drljevi\u0107em. Drugih pet kandidata\/kandidatkinja sada mogu pokrenuti upravni spor, \u0161to \u0107e ponovo dovesti do tro\u0161kova usluga advokata koje \u0107e morati da plati RTCG (odnosno gra\u0111ani), ali i onog \u0161to je mnogo zna\u010dajnije \u2013 dalje kompromitacije Savjeta RTCG&#8221;, konstatovao je MC.<\/p>\n<p>Zamjenica predsjednika Savjet RTCG Marijana Camovi\u0107 Veli\u010dkovi\u0107 je, ukazuju\u0107i na ovaj problem, tra\u017eila da Ve\u0161ovi\u0107eva kandidatura bude odba\u010dena.<\/p>\n<p>Me\u0111u kandidatima\/kandidatkinjama za du\u017enost ombudsmana bila je i Danijela Popovi\u0107, koja je do sada obavljala tu du\u017enost i na \u010diji rad, koliko je poznato, menad\u017ement RTCG nije imao primjedbi.<\/p>\n<p>&nbsp;<\/p>\n","protected":false},"excerpt":{"rendered":"<p>Media centar (MC) je danas skrenuo pa\u017enju na nevaljanost izbora ombudsmana RTCG i zaklju\u010dio da je to jo\u0161 jedna u nizu problemati\u010dnih odluka Savjeta nacionalnog javnog emitera<\/p>\n","protected":false},"author":1,"featured_media":406855,"comment_status":"open","ping_status":"closed","sticky":false,"template":"","format":"standard","meta":{"_seopress_robots_primary_cat":"none","_seopress_titles_title":"","_seopress_titles_desc":"","_seopress_robots_index":"","_et_pb_use_builder":"","_et_pb_old_content":"","_et_gb_content_width":"","inline_featured_image":false,"footnotes":""},"categories":[14],"tags":[],"class_list":["post-406852","post","type-post","status-publish","format-standard","has-post-thumbnail","hentry","category-vijesti"],"_links":{"self":[{"href":"https:\/\/www.pcnen.com\/portal\/wp-json\/wp\/v2\/posts\/406852","targetHints":{"allow":["GET"]}}],"collection":[{"href":"https:\/\/www.pcnen.com\/portal\/wp-json\/wp\/v2\/posts"}],"about":[{"href":"https:\/\/www.pcnen.com\/portal\/wp-json\/wp\/v2\/types\/post"}],"author":[{"embeddable":true,"href":"https:\/\/www.pcnen.com\/portal\/wp-json\/wp\/v2\/users\/1"}],"replies":[{"embeddable":true,"href":"https:\/\/www.pcnen.com\/portal\/wp-json\/wp\/v2\/comments?post=406852"}],"version-history":[{"count":1,"href":"https:\/\/www.pcnen.com\/portal\/wp-json\/wp\/v2\/posts\/406852\/revisions"}],"predecessor-version":[{"id":406856,"href":"https:\/\/www.pcnen.com\/portal\/wp-json\/wp\/v2\/posts\/406852\/revisions\/406856"}],"wp:featuredmedia":[{"embeddable":true,"href":"https:\/\/www.pcnen.com\/portal\/wp-json\/wp\/v2\/media\/406855"}],"wp:attachment":[{"href":"https:\/\/www.pcnen.com\/portal\/wp-json\/wp\/v2\/media?parent=406852"}],"wp:term":[{"taxonomy":"category","embeddable":true,"href":"https:\/\/www.pcnen.com\/portal\/wp-json\/wp\/v2\/categories?post=406852"},{"taxonomy":"post_tag","embeddable":true,"href":"https:\/\/www.pcnen.com\/portal\/wp-json\/wp\/v2\/tags?post=406852"}],"curies":[{"name":"wp","href":"https:\/\/api.w.org\/{rel}","templated":true}]}}