{"id":406833,"date":"2024-07-10T12:34:09","date_gmt":"2024-07-10T10:34:09","guid":{"rendered":"https:\/\/www.pcnen.com\/portal\/?p=406833"},"modified":"2024-07-10T12:34:09","modified_gmt":"2024-07-10T10:34:09","slug":"ai-pravo-na-mirno-okupljanje-ugrozeno-sirom-evrope","status":"publish","type":"post","link":"https:\/\/www.pcnen.com\/portal\/2024\/07\/10\/ai-pravo-na-mirno-okupljanje-ugrozeno-sirom-evrope\/","title":{"rendered":"AI: Pravo na mirno okupljanje ugro\u017eeno \u0161irom Evrope"},"content":{"rendered":"<p>Pravo na mirno okupljanje ugro\u017eeno je \u0161irom Evrope jer dr\u017eave sve vi\u0161e stigmatizuju, kriminalizuju i razbijaju mirne demonstracije, navedeno je u izve\u0161taju organizacije za za\u0161titu ljudskih prava Amnesti interne\u0161enal (AI), prenosi portal Vreme.<\/p>\n<p>Istaknuto je da dr\u017eave namec\u0301u neopravdane i kaznene mjere i pribjegavaju sve represivnijim sredstvima za gu\u0161enje neslaganja.<\/p>\n<p>U izve\u0161taju se napominje da se u cijeloj Evropi pojavljuje \u201eobrazac represivnih zakona, upotreba nepotrebne ili pretjerane sile, proizvoljna hap\u0161enja i kazneni progoni\u201c, ali i \u201eneopravdana ili diskriminatorna ograni\u010denja\u201c.<\/p>\n<p>Zabele\u017eena je sve ve\u0107a upotreba \u201einvazivne tehnologije nadzora\u201c, za koju AI upozorava da vodi \u201esistematskom ukidanju prava na protest\u201c.<\/p>\n<p>U Evropi je, dodaje se, zna\u010dajno porasla upotreba tehnologije za prepoznavanje lica, jer ga trenutno koristi 11 zemalja, a jo\u0161 \u0161est planira uvo\u0111enje.<\/p>\n<p>\u201eUpotreba tehnologije prepoznavanja lica za identifikaciju demonstranata predstavlja neselektivni masovni nadzor, a nikakve mjere za\u0161tite ne mogu sprije\u010diti \u0161tetu koju ona nanosi\u201c, naveo je AI i pozvao na \u201epotpunu zabranu takve tehnologije\u201c.<\/p>\n<p>Izvje\u0161taj identifikuje \u201euznemiruju\u0107i trend stigmatizacije koju sprovodi vlast u cilju delegitimizacije demonstranata i protesta\u201c.<\/p>\n<p>U svim posmatranim zemljama kori\u0161\u0107ena je \u0161tetna retorika kojom su karakterisani demonstranti poput \u2013 teroristi, kriminalci, strani agenti, anarhisti i ekstremisti.<\/p>\n<p>AI je upozorio da je takva negativna retorika \u010desto kori\u0161\u0107ena da opravda dono\u0161enje sve restriktivnijih zakona.<\/p>\n<p>AI je svojim izje\u0161tajem obuhvatio Austriju, Belgiju, \u010ce\u0161ku, Finsku Francusku, Njema\u010dku, Gr\u010dku, Ma\u0111arsku, Irsku, Italiju, Veliku Britaniju, Luksemburg, Holandiju, Poljsku, Portugal, Sloveniju, \u0160paniju, \u0160vedsku, \u0160vajcarsku, Tursku i Srbiju.<\/p>\n","protected":false},"excerpt":{"rendered":"<p>Pravo na mirno okupljanje ugro\u017eeno je \u0161irom Evrope jer dr\u017eave sve vi\u0161e stigmatizuju, kriminalizuju i razbijaju mirne demonstracije, navedeno je u izve\u0161taju organizacije za za\u0161titu ljudskih prava Amnesti interne\u0161enal (AI)<\/p>\n","protected":false},"author":1,"featured_media":364431,"comment_status":"open","ping_status":"closed","sticky":false,"template":"","format":"standard","meta":{"_seopress_robots_primary_cat":"none","_seopress_titles_title":"","_seopress_titles_desc":"","_seopress_robots_index":"","_et_pb_use_builder":"","_et_pb_old_content":"","_et_gb_content_width":"","inline_featured_image":false,"footnotes":""},"categories":[14],"tags":[],"class_list":["post-406833","post","type-post","status-publish","format-standard","has-post-thumbnail","hentry","category-vijesti"],"_links":{"self":[{"href":"https:\/\/www.pcnen.com\/portal\/wp-json\/wp\/v2\/posts\/406833","targetHints":{"allow":["GET"]}}],"collection":[{"href":"https:\/\/www.pcnen.com\/portal\/wp-json\/wp\/v2\/posts"}],"about":[{"href":"https:\/\/www.pcnen.com\/portal\/wp-json\/wp\/v2\/types\/post"}],"author":[{"embeddable":true,"href":"https:\/\/www.pcnen.com\/portal\/wp-json\/wp\/v2\/users\/1"}],"replies":[{"embeddable":true,"href":"https:\/\/www.pcnen.com\/portal\/wp-json\/wp\/v2\/comments?post=406833"}],"version-history":[{"count":1,"href":"https:\/\/www.pcnen.com\/portal\/wp-json\/wp\/v2\/posts\/406833\/revisions"}],"predecessor-version":[{"id":406836,"href":"https:\/\/www.pcnen.com\/portal\/wp-json\/wp\/v2\/posts\/406833\/revisions\/406836"}],"wp:featuredmedia":[{"embeddable":true,"href":"https:\/\/www.pcnen.com\/portal\/wp-json\/wp\/v2\/media\/364431"}],"wp:attachment":[{"href":"https:\/\/www.pcnen.com\/portal\/wp-json\/wp\/v2\/media?parent=406833"}],"wp:term":[{"taxonomy":"category","embeddable":true,"href":"https:\/\/www.pcnen.com\/portal\/wp-json\/wp\/v2\/categories?post=406833"},{"taxonomy":"post_tag","embeddable":true,"href":"https:\/\/www.pcnen.com\/portal\/wp-json\/wp\/v2\/tags?post=406833"}],"curies":[{"name":"wp","href":"https:\/\/api.w.org\/{rel}","templated":true}]}}