{"id":406815,"date":"2024-07-10T11:26:36","date_gmt":"2024-07-10T09:26:36","guid":{"rendered":"https:\/\/www.pcnen.com\/portal\/?p=406815"},"modified":"2024-07-10T11:26:36","modified_gmt":"2024-07-10T09:26:36","slug":"cetrdeset-hiljada-bijelih-carsava","status":"publish","type":"post","link":"https:\/\/www.pcnen.com\/portal\/2024\/07\/10\/cetrdeset-hiljada-bijelih-carsava\/","title":{"rendered":"\u010cetrdeset hiljada bijelih \u010dar\u0161ava"},"content":{"rendered":"<blockquote><p><strong>Pi\u0161e: Omer \u0160ARKI\u0106<\/strong><\/p><\/blockquote>\n<p>Zamislite tu koli\u010dinu i broj \u010dar\u0161ava. To je koli\u010dina za \u010diji je transport, samo, potrebno nekoliko kamiona-\u0161lepera. Sa 40 000 bjelih \u010dar\u0161ava bi se moglo prekriti jedno ogromno polje skoro koliko \u0106emovsko, desetine fudbalskih terena, nekoliko najve\u0107ih svjetskih golf\u00a0 igrali\u0161ta. Nijesam slu\u010dajno pomenuo golf terene, \u010desto skup\u0161tinu nad skup\u0161tinama, kongres nad kongresima, ali ne\u0107u sad o tome.<\/p>\n<p>U 40 000 bijelih \u010dar\u0161ava je umotano i pokopano 40 000 ljudi, najvi\u0161e \u017eena i djece, u Gazi, za devet mjeseci rata, koji vodi genocidni okupator protiv decenijama okupiranih i aparhejdu izlo\u017eenih Palestinaca. Kolektivni Zapad, na \u010delu sa SAD, ne da nijemo posmatra, nego daje punu vojnu, finansijsku, politi\u010dku, a najvi\u0161e propagandnu pomo\u0107 genocidnom okupatoru za poku\u0161aj istrebljenja jednog cijelog naroda. Oru\u017eani pokret otpora protiv daleko nadmo\u0107nijeg okupatora, koji, osim \u0161to ubija najvi\u0161e civile, ru\u0161i bolnice, ubija novinare, osoblje UN, izgladnjuje do smrti jedan cijeli narod, nazivaju terorizmom! Samo je nacisti\u010dka Njema\u010dka \u2013 i sada kolektivni Zapad na \u010delu sa SAD &#8211; oslobodila\u010dke pokrete nazivala terorizmom i banditizmom. U mejnstrim medijima, koji su svi pod kontrolom tog kolektivnog Zapada, a koji \u0161ire proizraelsku propagandu, obmane i la\u017ei, umanjuju se ili pre\u0107utkuju izraelski masovni zlo\u010dini, Hamas je predstavljen kao teroristi\u010dko stra\u0161ilo a ne kao oslobodila\u010dki pokret otpora, izraelski genocid nad Palestincima kao pravo na samodobranu; \u00a0izraelska okupaciona i genocidna vojska su izraelske odbrambene snage, iako su okupirale ne samo Palestinu ve\u0107 i dio Libana, Sirije.<\/p>\n<p>Kada Rusija raketira ukrajinsku bolnicu, pri \u010demu ubije nekoliko civila,\u00a0 bez obzira ne kontraverze oko tog raketiranja, to je udarna vijest u svim mejnstrim medijima, a Zapad na \u010delu sa SAD odmah tra\u017ei sjednicu Savjeta bezbjednosti koji treba da osudi napad. Kada genocidni, okupatorski\u00a0 Izrael, bombama i raketama sa zemljom sravni skoro sve bolnice u Gazi, ubijaju\u0107i stotine civila, \u010dak i osoblje UN, to uop\u0161te nije vijest, ili, ako jeste, onda ti masakri nad civilima \u201eimaju opravdanje\u201c jer su se u bolncima skrivali borci \u201eteroristi\u010dkog Hamasa\u201c!?<\/p>\n<p>Francuski pokret otpora protiv nacisti\u010dke Njema\u010dke, poljski, jugoslovenski, ustanak u Var\u0161avskom getu&#8230; &#8211; su bili teroristi\u010dki pokreti!? Nacisti\u010dka, okupatorska Njema\u010dka je \u201eimala pravo da se brani\u201c i da ubija 100 ili vi\u0161e civila kao odmazdu za jednog svog ubijenog vojnika ili civila, poginulog u \u00a0\u201eteroristi\u010dkim\u201c akcijama pokreta otpora, odnosno tokom ustanka u Var\u0161avskom getu? &#8211; \u00a0koji je najsli\u010dniji getu u Gazi. \u00a0Treba ista\u0107i da je \u00a0odmazda nad civilima okupatorskog Izraela nad Palestincima neuporedivo ve\u0107a nego u ve\u0107ini\u00a0 odmazdi koje je vr\u0161ila nacisti\u010dka Njema\u010dka.<\/p>\n<p>Uz sve navedeno, iako su sloboda, slobodno izra\u017eavanje i slobodno izno\u0161enje stava, pravo na protest i demonstracije tobo\u017ee osnovne tekovine \u201eslobodnog\u201c i \u201ecivilizovanog\u201c Zapada, na propalestinskim protestima hapse se mirni demonstranti, na univerzitetima u \u201eCarstvu demokratije\u201c, osim \u0161to se hapse prijeti im se isklju\u010denjem sa studija, pozvanim palestinskim knji\u017eevnicima se otkazuje u\u010de\u0161\u0107e na sajmovima knjiga, zbog propalestinskih stavova Varufakisu se zabranjuje ulazak u Njema\u010dku, ni jedan poznati a grantovski kolumnista ne smije napisati rije\u010d o 40 000 bijelih \u010dar\u0161ava u kojima se u iskopanim rovovima, kolektivnim grobnicama, sahranjuju \u00a0masakrirani Palestinci.<\/p>\n<p>Ovih dana je priveden i poznati francuski politolog Fransoa Burgat, pod optu\u017ebom za zagovaranje terorizma, \u0161to, normalno, ne\u0107ete pro\u010ditati u pomenutim mejnstrim medijima. Burgat je izjavio da ima beskrajno vi\u0161e po\u0161tovanja i uva\u017eavanja prema lideru Hamasa nego lideru dr\u017eave Izrael \u2013 \u0161to je bio razlog \u201edemokratskoj Francuskoj\u201c da ga privedu i optu\u017ee za zagovaranje terorizma! Burgat je i kritikovao odnos Francuske prema Plaestincima i Hamasu, nazvav\u0161i ga kapitulacijom pred politikom SAD i Izraela.<\/p>\n<p>Ovakav medijski mrak, cenzura i progon, kakav se sprovodi nad onim rijetkim koji imaju snage, \u00a0smjelosti i mogu\u0107nosti(!) da se javno usprotive genocidu nad Palestincima a koji podr\u017eava kolektivni Zapad, u novijoj istoriji uporediv je jedino sa onim koji je sprovodila nacisti\u010dka Njema\u010dka i sile osovine nad onima koji su dizali glas protiv progona i genocida nad Jevrejima, samo \u0161to se danas taj glas u\u0107utkuje drugim, manje surovim sredstvima.<\/p>\n<p>Uskoro se obilje\u017eava godi\u0161njica genocida u Srebrenici. \u201e\u010cuveni\u201c doma\u0107i i regionalni kolumnisti pi\u0161u ili o\u0161tre pera povodom tog zlo\u010dina koji se desio prije skoro 30 godina. Na dru\u0161tvenim mre\u017eama ve\u0107 idu objave \u201eRemember Srebrenica\u201c. Oni kolumnisti i \u201erememberisti\u201c koji nijesu napisali rije\u010d o genocidu u Gazi koji se upravo de\u0161ava, najbolje rade u korist onih \u010dije je geslo \u201cForget Srebrenica\u201c. Naime, oni tako pokazuju i daju za pravo svim onim koji negiraju genocid u Srebrenici da tvrde kako je njihovo sje\u0107anje i regovanje selektivno, neiskreno, po potrebi onih kojima je u interesu da se sje\u0107aju tog genocida a zaborave aktuelni i ve\u0107i, onaj koji nam se upravo de\u0161ava pred o\u010dima &#8211; genocid nad Palestincima.<\/p>\n","protected":false},"excerpt":{"rendered":"<p>U 40 000 bijelih \u010dar\u0161ava je umotano i pokopano 40 000 ljudi, najvi\u0161e \u017eena i djece, u Gazi, za devet mjeseci rata, koji vodi genocidni okupator protiv decenijama okupiranih i aparhejdu izlo\u017eenih Palestinaca<\/p>\n","protected":false},"author":12,"featured_media":406821,"comment_status":"open","ping_status":"closed","sticky":false,"template":"","format":"standard","meta":{"_seopress_robots_primary_cat":"none","_seopress_titles_title":"","_seopress_titles_desc":"","_seopress_robots_index":"","_et_pb_use_builder":"","_et_pb_old_content":"","_et_gb_content_width":"","inline_featured_image":false,"footnotes":""},"categories":[17],"tags":[],"class_list":["post-406815","post","type-post","status-publish","format-standard","has-post-thumbnail","hentry","category-blogovi"],"_links":{"self":[{"href":"https:\/\/www.pcnen.com\/portal\/wp-json\/wp\/v2\/posts\/406815","targetHints":{"allow":["GET"]}}],"collection":[{"href":"https:\/\/www.pcnen.com\/portal\/wp-json\/wp\/v2\/posts"}],"about":[{"href":"https:\/\/www.pcnen.com\/portal\/wp-json\/wp\/v2\/types\/post"}],"author":[{"embeddable":true,"href":"https:\/\/www.pcnen.com\/portal\/wp-json\/wp\/v2\/users\/12"}],"replies":[{"embeddable":true,"href":"https:\/\/www.pcnen.com\/portal\/wp-json\/wp\/v2\/comments?post=406815"}],"version-history":[{"count":3,"href":"https:\/\/www.pcnen.com\/portal\/wp-json\/wp\/v2\/posts\/406815\/revisions"}],"predecessor-version":[{"id":406822,"href":"https:\/\/www.pcnen.com\/portal\/wp-json\/wp\/v2\/posts\/406815\/revisions\/406822"}],"wp:featuredmedia":[{"embeddable":true,"href":"https:\/\/www.pcnen.com\/portal\/wp-json\/wp\/v2\/media\/406821"}],"wp:attachment":[{"href":"https:\/\/www.pcnen.com\/portal\/wp-json\/wp\/v2\/media?parent=406815"}],"wp:term":[{"taxonomy":"category","embeddable":true,"href":"https:\/\/www.pcnen.com\/portal\/wp-json\/wp\/v2\/categories?post=406815"},{"taxonomy":"post_tag","embeddable":true,"href":"https:\/\/www.pcnen.com\/portal\/wp-json\/wp\/v2\/tags?post=406815"}],"curies":[{"name":"wp","href":"https:\/\/api.w.org\/{rel}","templated":true}]}}