{"id":406786,"date":"2024-07-10T07:57:50","date_gmt":"2024-07-10T05:57:50","guid":{"rendered":"https:\/\/www.pcnen.com\/portal\/?p=406786"},"modified":"2024-07-10T07:57:50","modified_gmt":"2024-07-10T05:57:50","slug":"klark-vucic-zeli-da-razbitje-bih-cilj-je-velika-srbija-video","status":"publish","type":"post","link":"https:\/\/www.pcnen.com\/portal\/2024\/07\/10\/klark-vucic-zeli-da-razbitje-bih-cilj-je-velika-srbija-video\/","title":{"rendered":"Klark: Vu\u010di\u0107 \u017eeli da &#8216;razbitje&#8217; BiH, cilj je velika Srbija (video)"},"content":{"rendered":"<p>&#8220;Srbija je ruska ruka na Balkanu\u00a0i slu\u017ei ruskim interesima&#8221;, saop\u0161tio je ve\u010deras biv\u0161i komandant NATO-a u Evropi, ameri\u010dki general Vesli Klark.<\/p>\n<p>On je rekao da se predsjednik Srbije Aleksandar Vu\u010di\u0107 predstavlja kao da igra s obje strane, ali kad do\u0111e vrijeme on \u0107e u\u010diniti ono \u0161to Putin bude tra\u017eio od njega&#8221;<\/p>\n<p>Gostuju\u0107i kod Kristijan Amanpur Klark je rekao da Vu\u010di\u0107 \u017eeli &#8220;da razbije \u00a0BiH i da je njegov cilj velika Srbija&#8221;,<a href=\"https:\/\/radiosarajevo.ba\/vijesti\/bosna-i-hercegovina\/sokantna-tvrdnja-bivseg-komandanta-nato-a-u-europi-vucic-zeli-razbiti-bih-cilj-je-velika-srbija\/552669\"> prenosi radiosarajevo.ba<\/a><\/p>\n<p>&#8220;Me\u0111utim,\u00a0ono \u0161to on \u017eeli od Putina jeste, dakako, ovla\u0161tenje da sa svojim snagama u\u0111e na Kosovo, da zauzme barem sjeverni dio (i mo\u017eda i vi\u0161e) i\u00a0istovremeno da razbije BiH i odvoje Republiku Srpsku i da\u00a0stvore veliku Srbiju.&#8221;<\/p>\n<p>&#8220;Ovo je sve pri\u010da o etni\u010dkom \u010di\u0161\u0107enju na Balkanu. Gledali smo dovoljno nasilja, ubistava, silovanja na Balkanu u posljednjih 30 godina i mislili smo da je NATO to zaustavio. Ali&#8230;\u00a0ako ne uspijemo u Ukrajini, taj\u00a0problem\u00a0istog trena sti\u017ee na Balkan&#8221;, zaklju\u010dio je Vesli Klark.<\/p>\n<blockquote class=\"twitter-tweet\">\n<p dir=\"ltr\" lang=\"en\">General Clark:<\/p>\n<p>Vucic wants to take at least the northern part of Kosovo, and maybe more, and break up BiH and establish Greater Serbia.<\/p>\n<p>If we falter in Ukraine, that trouble is coming right back into the Balkans, and leaders like PM Kurti are going to have to deal with it. <a href=\"https:\/\/t.co\/Oj9ZF0Q6VE\">https:\/\/t.co\/Oj9ZF0Q6VE<\/a> <a href=\"https:\/\/t.co\/0SMokbqZrk\">pic.twitter.com\/0SMokbqZrk<\/a><\/p>\n<p>\u2014 Admirim (@admirim) <a href=\"https:\/\/twitter.com\/admirim\/status\/1810739923152163335?ref_src=twsrc%5Etfw\">July 9, 2024<\/a><\/p><\/blockquote>\n<p><script async src=\"https:\/\/platform.twitter.com\/widgets.js\" charset=\"utf-8\"><\/script><\/p>\n","protected":false},"excerpt":{"rendered":"<p>&#8220;Srbija je ruska ruka na Balkanu\u00a0i slu\u017ei ruskim interesima&#8221;, saop\u0161tio je ve\u010deras biv\u0161i komandant NATO-a u Evropi, ameri\u010dki general Vesli Klark.<\/p>\n","protected":false},"author":1,"featured_media":347736,"comment_status":"open","ping_status":"closed","sticky":false,"template":"","format":"standard","meta":{"_seopress_robots_primary_cat":"none","_seopress_titles_title":"","_seopress_titles_desc":"","_seopress_robots_index":"","_et_pb_use_builder":"","_et_pb_old_content":"","_et_gb_content_width":"","inline_featured_image":false,"footnotes":""},"categories":[14],"tags":[],"class_list":["post-406786","post","type-post","status-publish","format-standard","has-post-thumbnail","hentry","category-vijesti"],"_links":{"self":[{"href":"https:\/\/www.pcnen.com\/portal\/wp-json\/wp\/v2\/posts\/406786","targetHints":{"allow":["GET"]}}],"collection":[{"href":"https:\/\/www.pcnen.com\/portal\/wp-json\/wp\/v2\/posts"}],"about":[{"href":"https:\/\/www.pcnen.com\/portal\/wp-json\/wp\/v2\/types\/post"}],"author":[{"embeddable":true,"href":"https:\/\/www.pcnen.com\/portal\/wp-json\/wp\/v2\/users\/1"}],"replies":[{"embeddable":true,"href":"https:\/\/www.pcnen.com\/portal\/wp-json\/wp\/v2\/comments?post=406786"}],"version-history":[{"count":1,"href":"https:\/\/www.pcnen.com\/portal\/wp-json\/wp\/v2\/posts\/406786\/revisions"}],"predecessor-version":[{"id":406789,"href":"https:\/\/www.pcnen.com\/portal\/wp-json\/wp\/v2\/posts\/406786\/revisions\/406789"}],"wp:featuredmedia":[{"embeddable":true,"href":"https:\/\/www.pcnen.com\/portal\/wp-json\/wp\/v2\/media\/347736"}],"wp:attachment":[{"href":"https:\/\/www.pcnen.com\/portal\/wp-json\/wp\/v2\/media?parent=406786"}],"wp:term":[{"taxonomy":"category","embeddable":true,"href":"https:\/\/www.pcnen.com\/portal\/wp-json\/wp\/v2\/categories?post=406786"},{"taxonomy":"post_tag","embeddable":true,"href":"https:\/\/www.pcnen.com\/portal\/wp-json\/wp\/v2\/tags?post=406786"}],"curies":[{"name":"wp","href":"https:\/\/api.w.org\/{rel}","templated":true}]}}