{"id":406754,"date":"2024-07-09T19:37:41","date_gmt":"2024-07-09T17:37:41","guid":{"rendered":"https:\/\/www.pcnen.com\/portal\/?p=406754"},"modified":"2024-07-09T19:37:41","modified_gmt":"2024-07-09T17:37:41","slug":"ministar-fatmir-djeka-povrijedjen-u-udesu-kod-ulcinja","status":"publish","type":"post","link":"https:\/\/www.pcnen.com\/portal\/2024\/07\/09\/ministar-fatmir-djeka-povrijedjen-u-udesu-kod-ulcinja\/","title":{"rendered":"Ministar Fatmir \u0110eka povrije\u0111en u udesu kod Ulcinja"},"content":{"rendered":"<p>Ministar ljudskih i manjinskih prava Fatmir \u0110eka je lak\u0161e povrije\u0111en u saobra\u0107ajnoj nezgodi, koja se oko 17 \u010dasova dogodila na putu od Bara ka Ulcinju.<\/p>\n<p>\u0110eka je zbog ukazivanja pomo\u0107i preba\u010den u Hitnu pomo\u0107 u Ulcinju.<\/p>\n<p>On je, prema podacima iz policije, upravljao slu\u017ebenim d\u017eipom PG-CG-029 kad se sudario sa automobilom, stranih registarskih tablica.<\/p>\n<p>Prema izjavama o\u010devidaca, ministar je preticao kolonu vozila, prenose Vijesti.<\/p>\n","protected":false},"excerpt":{"rendered":"<p>Ministar ljudskih i manjinskih prava Fatmir \u0110eka je lak\u0161e povrije\u0111en u saobra\u0107ajnoj nezgodi, koja se oko 17 \u010dasova dogodila na putu od Bara ka Ulcinju.<\/p>\n","protected":false},"author":1,"featured_media":303955,"comment_status":"open","ping_status":"closed","sticky":false,"template":"","format":"standard","meta":{"_seopress_robots_primary_cat":"none","_seopress_titles_title":"","_seopress_titles_desc":"","_seopress_robots_index":"","_et_pb_use_builder":"","_et_pb_old_content":"","_et_gb_content_width":"","inline_featured_image":false,"footnotes":""},"categories":[14],"tags":[],"class_list":["post-406754","post","type-post","status-publish","format-standard","has-post-thumbnail","hentry","category-vijesti"],"_links":{"self":[{"href":"https:\/\/www.pcnen.com\/portal\/wp-json\/wp\/v2\/posts\/406754","targetHints":{"allow":["GET"]}}],"collection":[{"href":"https:\/\/www.pcnen.com\/portal\/wp-json\/wp\/v2\/posts"}],"about":[{"href":"https:\/\/www.pcnen.com\/portal\/wp-json\/wp\/v2\/types\/post"}],"author":[{"embeddable":true,"href":"https:\/\/www.pcnen.com\/portal\/wp-json\/wp\/v2\/users\/1"}],"replies":[{"embeddable":true,"href":"https:\/\/www.pcnen.com\/portal\/wp-json\/wp\/v2\/comments?post=406754"}],"version-history":[{"count":1,"href":"https:\/\/www.pcnen.com\/portal\/wp-json\/wp\/v2\/posts\/406754\/revisions"}],"predecessor-version":[{"id":406757,"href":"https:\/\/www.pcnen.com\/portal\/wp-json\/wp\/v2\/posts\/406754\/revisions\/406757"}],"wp:featuredmedia":[{"embeddable":true,"href":"https:\/\/www.pcnen.com\/portal\/wp-json\/wp\/v2\/media\/303955"}],"wp:attachment":[{"href":"https:\/\/www.pcnen.com\/portal\/wp-json\/wp\/v2\/media?parent=406754"}],"wp:term":[{"taxonomy":"category","embeddable":true,"href":"https:\/\/www.pcnen.com\/portal\/wp-json\/wp\/v2\/categories?post=406754"},{"taxonomy":"post_tag","embeddable":true,"href":"https:\/\/www.pcnen.com\/portal\/wp-json\/wp\/v2\/tags?post=406754"}],"curies":[{"name":"wp","href":"https:\/\/api.w.org\/{rel}","templated":true}]}}