{"id":406741,"date":"2024-07-09T16:21:14","date_gmt":"2024-07-09T14:21:14","guid":{"rendered":"https:\/\/www.pcnen.com\/portal\/?p=406741"},"modified":"2024-07-09T16:22:05","modified_gmt":"2024-07-09T14:22:05","slug":"istrazivanje-cgo-vrsnjacko-nasilje-u-cg-u-odredjenoj-mjeri-prepoznaje-dominantna-vecina","status":"publish","type":"post","link":"https:\/\/www.pcnen.com\/portal\/2024\/07\/09\/istrazivanje-cgo-vrsnjacko-nasilje-u-cg-u-odredjenoj-mjeri-prepoznaje-dominantna-vecina\/","title":{"rendered":"Istra\u017eivanje CGO: Vr\u0161nja\u010dko nasilje u CG u odre\u0111enoj mjeri prepoznaje dominantna ve\u0107ina"},"content":{"rendered":"<p>Vr\u0161nja\u010dko nasilje u Crnoj Gori u odre\u0111enoj mjeri (povremeno ili \u010desto) prepoznaje dominantna ve\u0107ina, 65,7 odsto gra\u0111ana\/ki, dok manje od tre\u0107ine, 29,8 odsto cijeni da je to rijetka pojava, a minimalan je broj onih, 4,5 odsto koji navode da toga nema u njihovoj sredini, dio je nalaza istra\u017eivanja Centra za gra\u0111ansko obrazovanje (CGO), sprovedenog u okviru projekta \u201eSRCE: podr\u0161ka osna\u017eivanju i otpornosti mladih danas\u201c, u saradnji sa ADD, a finansijski podr\u017eanog od strane Evropske unije uz kofinansiranje Ministarstva javne uprave.<\/p>\n<p>Kako su kazali iz CGO, kao najzastupljeniji oblik vr\u0161nja\u010dkog nasilja prepoznaje se psihi\u010dko nasilje, 27,8 odsto, a slijede fizi\u010dko 25,9 odsto, digitalno 17,8 odsto, socijalno 17,7 odsto i seksualno nasilje 10,8 odsto.<\/p>\n<p>\u201cProblem maloljetni\u010dke delinkvencije je, tako\u0111e, uo\u010den od strane ve\u0107ine gra\u0111ana\/ki, 55,7 odsto, bilo kao povremena ili \u010desta pojava, dok oko tre\u0107ine, 34,5 odsto smatra da je to rijetko, a manje od 10 odsto vjeruje da to nikada nije prisutno u njihovoj sredini. Brojni se faktori navode kao uzroci devijantnog pona\u0161anja i vr\u0161nja\u010dkog nasilja maloljetnika, a isti\u010du se socijalni, 24,9 odsto, porodi\u010dni, 23,8 odsto, ali i obrazovno-vaspitni, 18,9 odsto\u201d, naveli su iz CGO u saop\u0161tenju.<\/p>\n<p>Kako dodaju, stru\u010dnu podr\u0161ku u sprovo\u0111enju ovog istra\u017eivanja pru\u017eio je Institut DAMAR.<\/p>\n","protected":false},"excerpt":{"rendered":"<p>Vr\u0161nja\u010dko nasilje u Crnoj Gori u odre\u0111enoj mjeri (povremeno ili \u010desto) prepoznaje dominantna ve\u0107ina, 65,7 odsto gra\u0111ana\/ki, dok manje od tre\u0107ine, 29,8 odsto cijeni da je to rijetka pojava, a minimalan je broj onih, 4,5 odsto koji navode da toga nema u njihovoj sredini, dio je nalaza istra\u017eivanja Centra za gra\u0111ansko obrazovanje (CGO), sprovedenog u okviru projekta \u201eSRCE: podr\u0161ka osna\u017eivanju i otpornosti mladih danas\u201c, u saradnji sa ADD, a finansijski podr\u017eanog od strane Evropske unije uz kofinansiranje Ministarstva javne uprave.<\/p>\n","protected":false},"author":1,"featured_media":368906,"comment_status":"open","ping_status":"closed","sticky":false,"template":"","format":"standard","meta":{"_seopress_robots_primary_cat":"none","_seopress_titles_title":"","_seopress_titles_desc":"","_seopress_robots_index":"","_et_pb_use_builder":"","_et_pb_old_content":"","_et_gb_content_width":"","inline_featured_image":false,"footnotes":""},"categories":[14],"tags":[],"class_list":["post-406741","post","type-post","status-publish","format-standard","has-post-thumbnail","hentry","category-vijesti"],"_links":{"self":[{"href":"https:\/\/www.pcnen.com\/portal\/wp-json\/wp\/v2\/posts\/406741","targetHints":{"allow":["GET"]}}],"collection":[{"href":"https:\/\/www.pcnen.com\/portal\/wp-json\/wp\/v2\/posts"}],"about":[{"href":"https:\/\/www.pcnen.com\/portal\/wp-json\/wp\/v2\/types\/post"}],"author":[{"embeddable":true,"href":"https:\/\/www.pcnen.com\/portal\/wp-json\/wp\/v2\/users\/1"}],"replies":[{"embeddable":true,"href":"https:\/\/www.pcnen.com\/portal\/wp-json\/wp\/v2\/comments?post=406741"}],"version-history":[{"count":2,"href":"https:\/\/www.pcnen.com\/portal\/wp-json\/wp\/v2\/posts\/406741\/revisions"}],"predecessor-version":[{"id":406745,"href":"https:\/\/www.pcnen.com\/portal\/wp-json\/wp\/v2\/posts\/406741\/revisions\/406745"}],"wp:featuredmedia":[{"embeddable":true,"href":"https:\/\/www.pcnen.com\/portal\/wp-json\/wp\/v2\/media\/368906"}],"wp:attachment":[{"href":"https:\/\/www.pcnen.com\/portal\/wp-json\/wp\/v2\/media?parent=406741"}],"wp:term":[{"taxonomy":"category","embeddable":true,"href":"https:\/\/www.pcnen.com\/portal\/wp-json\/wp\/v2\/categories?post=406741"},{"taxonomy":"post_tag","embeddable":true,"href":"https:\/\/www.pcnen.com\/portal\/wp-json\/wp\/v2\/tags?post=406741"}],"curies":[{"name":"wp","href":"https:\/\/api.w.org\/{rel}","templated":true}]}}