{"id":406736,"date":"2024-07-09T16:01:25","date_gmt":"2024-07-09T14:01:25","guid":{"rendered":"https:\/\/www.pcnen.com\/portal\/?p=406736"},"modified":"2024-07-09T16:02:09","modified_gmt":"2024-07-09T14:02:09","slug":"mc-se-zalio-tuzilackom-savjetu-na-zakonitost-rada-sdt-u-slucaju-rtcg","status":"publish","type":"post","link":"https:\/\/www.pcnen.com\/portal\/2024\/07\/09\/mc-se-zalio-tuzilackom-savjetu-na-zakonitost-rada-sdt-u-slucaju-rtcg\/","title":{"rendered":"MC se \u017ealio Tu\u017eila\u010dkom savjetu na zakonitost rada SDT u slu\u010daju RTCG"},"content":{"rendered":"<p>Media centar je saop\u0161tio danas da je dostavio Tu\u017eila\u010dkom savjetu pritu\u017ebu na zakonitost rada postupaju\u0107eg tu\u017eioca u Specijalnom dr\u017eavnom tu\u017eila\u0161tvu u predmetu formiranom po krivi\u010dnim prijavama Media centra u slu\u010daju nezakonitog imenovanja generalnog direktora RTCG Borisa Raoni\u0107a, koji je danas podnio ostavku i imenovan za v.d.<\/p>\n<p>&#8220;Media centar je podnio Tu\u017eila\u010dko savjetu pritu\u017ebu iz vi\u0161e razloga. Zakonom o krivi\u010dnom postupku, \u010dlanom 256a, utvr\u0111en je rok za postupanje po prijavi koji ne mo\u017ee biti du\u017ei od tri mjeseca, odnosno \u0161est mjeseci ako se radi o slo\u017eenim predmetima zbog obima, \u010dinjeni\u010dnih ili pravnih pitanja. Rukovodilac dr\u017eavnog tu\u017eila\u0161tva mo\u017ee, uz pisano obrazlo\u017eenje, tra\u017eiti odobrenje za produ\u017eenje roka najdu\u017ee mjesec dana od rukovodioca neposredno vi\u0161eg dr\u017eavnog tu\u017eila\u0161tva, a dr\u017eavni tu\u017eilac kojem je predmet dodijeljen u rad mo\u017ee, uz pisano obrazlo\u017eenje, tra\u017eiti odobrenje za produ\u017eenje roka od rukovodioca dr\u017eavnog tu\u017eila\u0161tva najdu\u017ee mjesec dana&#8221;, navodi se u<a href=\"https:\/\/mediacentar.me\/media-centar-dostavio-prituzbu-tuzilackom-savjetu-na-zakonitost-rada-tuzilastva-u-slucaju-nezakonitog-imenovanja-generalnog-direktora-rtcg-raonica\/\" target=\"_blank\" rel=\"noopener\"> saop\u0161tenju<\/a> koje je potpisao direktor MC Goran \u0110urovi\u0107.<\/p>\n<blockquote class=\"wp-embedded-content\" data-secret=\"yYwqxw1N0d\"><p><a href=\"https:\/\/www.pcnen.com\/portal\/2024\/07\/09\/ostavka-nezakonito-izabranog-generalnog-direktora-rtcg-sada-je-v-d\/\">Ostavka nezakonito izabranog generalnog direktora RTCG, sada je v.d.<\/a><\/p><\/blockquote>\n<p><iframe loading=\"lazy\" class=\"wp-embedded-content\" sandbox=\"allow-scripts\" security=\"restricted\" style=\"position: absolute; clip: rect(1px, 1px, 1px, 1px);\" title=\"&#8220;Ostavka nezakonito izabranog generalnog direktora RTCG, sada je v.d.&#8221; &#8212; PCNEN\" src=\"https:\/\/www.pcnen.com\/portal\/2024\/07\/09\/ostavka-nezakonito-izabranog-generalnog-direktora-rtcg-sada-je-v-d\/embed\/#?secret=YdIz6Q96xe#?secret=yYwqxw1N0d\" data-secret=\"yYwqxw1N0d\" width=\"600\" height=\"338\" frameborder=\"0\" marginwidth=\"0\" marginheight=\"0\" scrolling=\"no\"><\/iframe><\/p>\n","protected":false},"excerpt":{"rendered":"<p>Media centar je saop\u0161tio danas da je dostavio Tu\u017eila\u010dkom savjetu pritu\u017ebu na zakonitost rada postupaju\u0107eg tu\u017eioca u Specijalnom dr\u017eavnom tu\u017eila\u0161tvu u predmetu formiranom po krivi\u010dnim prijavama Media centra u slu\u010daju nezakonitog imenovanja generalnog direktora RTCG Borisa Raoni\u0107a, koji je danas podnio ostavku i imenovan za v.d.<\/p>\n","protected":false},"author":1,"featured_media":343274,"comment_status":"open","ping_status":"closed","sticky":false,"template":"","format":"standard","meta":{"_seopress_robots_primary_cat":"none","_seopress_titles_title":"","_seopress_titles_desc":"","_seopress_robots_index":"","_et_pb_use_builder":"","_et_pb_old_content":"","_et_gb_content_width":"","inline_featured_image":false,"footnotes":""},"categories":[14],"tags":[],"class_list":["post-406736","post","type-post","status-publish","format-standard","has-post-thumbnail","hentry","category-vijesti"],"_links":{"self":[{"href":"https:\/\/www.pcnen.com\/portal\/wp-json\/wp\/v2\/posts\/406736","targetHints":{"allow":["GET"]}}],"collection":[{"href":"https:\/\/www.pcnen.com\/portal\/wp-json\/wp\/v2\/posts"}],"about":[{"href":"https:\/\/www.pcnen.com\/portal\/wp-json\/wp\/v2\/types\/post"}],"author":[{"embeddable":true,"href":"https:\/\/www.pcnen.com\/portal\/wp-json\/wp\/v2\/users\/1"}],"replies":[{"embeddable":true,"href":"https:\/\/www.pcnen.com\/portal\/wp-json\/wp\/v2\/comments?post=406736"}],"version-history":[{"count":2,"href":"https:\/\/www.pcnen.com\/portal\/wp-json\/wp\/v2\/posts\/406736\/revisions"}],"predecessor-version":[{"id":406740,"href":"https:\/\/www.pcnen.com\/portal\/wp-json\/wp\/v2\/posts\/406736\/revisions\/406740"}],"wp:featuredmedia":[{"embeddable":true,"href":"https:\/\/www.pcnen.com\/portal\/wp-json\/wp\/v2\/media\/343274"}],"wp:attachment":[{"href":"https:\/\/www.pcnen.com\/portal\/wp-json\/wp\/v2\/media?parent=406736"}],"wp:term":[{"taxonomy":"category","embeddable":true,"href":"https:\/\/www.pcnen.com\/portal\/wp-json\/wp\/v2\/categories?post=406736"},{"taxonomy":"post_tag","embeddable":true,"href":"https:\/\/www.pcnen.com\/portal\/wp-json\/wp\/v2\/tags?post=406736"}],"curies":[{"name":"wp","href":"https:\/\/api.w.org\/{rel}","templated":true}]}}