{"id":406720,"date":"2024-07-09T13:04:36","date_gmt":"2024-07-09T11:04:36","guid":{"rendered":"https:\/\/www.pcnen.com\/portal\/?p=406720"},"modified":"2024-07-09T13:04:36","modified_gmt":"2024-07-09T11:04:36","slug":"skupstina-crne-gore-nastavak-devete-sjednice-prvog-redovnog-zasijedanja-uzivo","status":"publish","type":"post","link":"https:\/\/www.pcnen.com\/portal\/2024\/07\/09\/skupstina-crne-gore-nastavak-devete-sjednice-prvog-redovnog-zasijedanja-uzivo\/","title":{"rendered":"Skup\u0161tina Crne Gore: Nastavak Devete sjednice Prvog redovnog zasijedanja (u\u017eivo)"},"content":{"rendered":"<p>Na <a href=\"https:\/\/www.skupstina.me\/me\/dogadjaji\/nastavak-devete-sjednice-prvog-redovnog-zasijedanja-u-2024-godini-cetvrti-dan\" target=\"_blank\" rel=\"noopener\">dnevnom redu<\/a> su izvje\u0161taji o radu Tu\u017eila\u010dkog i Sudskog savjeta.<\/p>\n<p><iframe loading=\"lazy\" title=\"YouTube video player\" src=\"https:\/\/www.youtube.com\/embed\/QSc_Pp0AmQE?si=h25wH_bTzm2ft5sh\" width=\"560\" height=\"315\" frameborder=\"0\" allowfullscreen=\"allowfullscreen\"><\/iframe><\/p>\n","protected":false},"excerpt":{"rendered":"<p>Na dnevnom redu su izvje\u0161taji o radu Tu\u017eila\u010dkog i Sudskog savjeta<\/p>\n","protected":false},"author":1,"featured_media":382486,"comment_status":"open","ping_status":"closed","sticky":false,"template":"","format":"standard","meta":{"_seopress_robots_primary_cat":"none","_seopress_titles_title":"","_seopress_titles_desc":"","_seopress_robots_index":"","_et_pb_use_builder":"","_et_pb_old_content":"","_et_gb_content_width":"","inline_featured_image":false,"footnotes":""},"categories":[14],"tags":[],"class_list":["post-406720","post","type-post","status-publish","format-standard","has-post-thumbnail","hentry","category-vijesti"],"_links":{"self":[{"href":"https:\/\/www.pcnen.com\/portal\/wp-json\/wp\/v2\/posts\/406720","targetHints":{"allow":["GET"]}}],"collection":[{"href":"https:\/\/www.pcnen.com\/portal\/wp-json\/wp\/v2\/posts"}],"about":[{"href":"https:\/\/www.pcnen.com\/portal\/wp-json\/wp\/v2\/types\/post"}],"author":[{"embeddable":true,"href":"https:\/\/www.pcnen.com\/portal\/wp-json\/wp\/v2\/users\/1"}],"replies":[{"embeddable":true,"href":"https:\/\/www.pcnen.com\/portal\/wp-json\/wp\/v2\/comments?post=406720"}],"version-history":[{"count":1,"href":"https:\/\/www.pcnen.com\/portal\/wp-json\/wp\/v2\/posts\/406720\/revisions"}],"predecessor-version":[{"id":406723,"href":"https:\/\/www.pcnen.com\/portal\/wp-json\/wp\/v2\/posts\/406720\/revisions\/406723"}],"wp:featuredmedia":[{"embeddable":true,"href":"https:\/\/www.pcnen.com\/portal\/wp-json\/wp\/v2\/media\/382486"}],"wp:attachment":[{"href":"https:\/\/www.pcnen.com\/portal\/wp-json\/wp\/v2\/media?parent=406720"}],"wp:term":[{"taxonomy":"category","embeddable":true,"href":"https:\/\/www.pcnen.com\/portal\/wp-json\/wp\/v2\/categories?post=406720"},{"taxonomy":"post_tag","embeddable":true,"href":"https:\/\/www.pcnen.com\/portal\/wp-json\/wp\/v2\/tags?post=406720"}],"curies":[{"name":"wp","href":"https:\/\/api.w.org\/{rel}","templated":true}]}}