{"id":406701,"date":"2024-07-09T09:38:04","date_gmt":"2024-07-09T07:38:04","guid":{"rendered":"https:\/\/www.pcnen.com\/portal\/?p=406701"},"modified":"2024-07-09T09:38:04","modified_gmt":"2024-07-09T07:38:04","slug":"hrvatska-od-januara-ponovo-uvodi-sluzenje-vojnog-roka","status":"publish","type":"post","link":"https:\/\/www.pcnen.com\/portal\/2024\/07\/09\/hrvatska-od-januara-ponovo-uvodi-sluzenje-vojnog-roka\/","title":{"rendered":"Hrvatska od januara ponovo uvodi slu\u017eenje vojnog roka"},"content":{"rendered":"<p>Hrvatska \u0107e od 1. januara naredne godine ponovo uvesti slu\u017eenje vojnog roka, a prema dosada\u0161njim saznanjima, obuka \u0107e se odvijati u kasarnama u Po\u017eegi, Sinju i Kninu.<\/p>\n<p>Za vojni rok postoji politi\u010dka odluka, a Ministarstvo obrane radi na izmjenama zakona o odbrani i o slu\u017ebi u Oru\u017eanim snagama, te pravilnicima koji \u0107e biti osnov za to da ve\u0107 od po\u010detka slede\u0107e godine prvi vojnici krenu na obuku, pi\u0161e Novi list.<\/p>\n<p>\u0408o\u0161 nije odlu\u010deno da li \u0107e vojni rok trajati dva ili tri mjeseca. Ako bi se i\u0161lo na prvu varijantu, onda bi to podrazumijevalo samo osnovnu pje\u0161adijsku obuku.<\/p>\n<p>Ukoliko bi vojni rok trajao tri mjeseca, onda bi tokom tre\u0107eg mjeseca vojnici i\u0161li na neki oblik specijalisti\u010dke obuke u kopnenoj vojsci, vazduhoplovstvu i protivvazdu\u0161noj odbrani ili mornarici.<\/p>\n<p>Hrvatska vojni rok nije ukinula, ve\u0107 ga je 2008. godine samo zamrznula tako da sve to ne\u0107e biti pokretano od nule jer ve\u0107 postoji zakonodavstvo, ali i praksa po kojoj se obuka odvijala do prije 16 godina.<\/p>\n<p>Iz Ministarstva su istakli kako \u0107e poku\u0161ati da kroz razne promotivne akcije podstaknu da se \u0161to ve\u0107i broj obveznika odlu\u010di za klasi\u010dnu vojnu obuku.<\/p>\n<p>Tako\u0111e, vojni rok \u0107e biti mogu\u0107e i odgoditi, poput onih koji poslije srednje \u0161kole upi\u0161u fakultet.<\/p>\n","protected":false},"excerpt":{"rendered":"<p>Hrvatska \u0107e od 1. januara naredne godine ponovo uvesti slu\u017eenje vojnog roka, a prema dosada\u0161njim saznanjima, obuka \u0107e se odvijati u kasarnama u Po\u017eegi, Sinju i Kninu.<\/p>\n","protected":false},"author":1,"featured_media":386526,"comment_status":"open","ping_status":"closed","sticky":false,"template":"","format":"standard","meta":{"_seopress_robots_primary_cat":"none","_seopress_titles_title":"","_seopress_titles_desc":"","_seopress_robots_index":"","_et_pb_use_builder":"","_et_pb_old_content":"","_et_gb_content_width":"","inline_featured_image":false,"footnotes":""},"categories":[14],"tags":[],"class_list":["post-406701","post","type-post","status-publish","format-standard","has-post-thumbnail","hentry","category-vijesti"],"_links":{"self":[{"href":"https:\/\/www.pcnen.com\/portal\/wp-json\/wp\/v2\/posts\/406701","targetHints":{"allow":["GET"]}}],"collection":[{"href":"https:\/\/www.pcnen.com\/portal\/wp-json\/wp\/v2\/posts"}],"about":[{"href":"https:\/\/www.pcnen.com\/portal\/wp-json\/wp\/v2\/types\/post"}],"author":[{"embeddable":true,"href":"https:\/\/www.pcnen.com\/portal\/wp-json\/wp\/v2\/users\/1"}],"replies":[{"embeddable":true,"href":"https:\/\/www.pcnen.com\/portal\/wp-json\/wp\/v2\/comments?post=406701"}],"version-history":[{"count":1,"href":"https:\/\/www.pcnen.com\/portal\/wp-json\/wp\/v2\/posts\/406701\/revisions"}],"predecessor-version":[{"id":406704,"href":"https:\/\/www.pcnen.com\/portal\/wp-json\/wp\/v2\/posts\/406701\/revisions\/406704"}],"wp:featuredmedia":[{"embeddable":true,"href":"https:\/\/www.pcnen.com\/portal\/wp-json\/wp\/v2\/media\/386526"}],"wp:attachment":[{"href":"https:\/\/www.pcnen.com\/portal\/wp-json\/wp\/v2\/media?parent=406701"}],"wp:term":[{"taxonomy":"category","embeddable":true,"href":"https:\/\/www.pcnen.com\/portal\/wp-json\/wp\/v2\/categories?post=406701"},{"taxonomy":"post_tag","embeddable":true,"href":"https:\/\/www.pcnen.com\/portal\/wp-json\/wp\/v2\/tags?post=406701"}],"curies":[{"name":"wp","href":"https:\/\/api.w.org\/{rel}","templated":true}]}}