{"id":406694,"date":"2024-07-09T09:27:55","date_gmt":"2024-07-09T07:27:55","guid":{"rendered":"https:\/\/www.pcnen.com\/portal\/?p=406694"},"modified":"2024-07-09T09:28:37","modified_gmt":"2024-07-09T07:28:37","slug":"mars-mira-u-dortmundu-sjecanje-na-genocid-u-srebrenici","status":"publish","type":"post","link":"https:\/\/www.pcnen.com\/portal\/2024\/07\/09\/mars-mira-u-dortmundu-sjecanje-na-genocid-u-srebrenici\/","title":{"rendered":"Mar\u0161 mira u Dortmundu: Sje\u0107anje na genocid u Srebrenici"},"content":{"rendered":"<p>U Dortmundu je odr\u017ean deseti Mar\u0161 mira u \u010dast \u017ertvama genocida u Srebrenici. Poruka je bila da je borba protiv mr\u017enje i nasilja stalna te da zajedno mo\u017eemo spre\u010diti ponavljanje ovakvih tragedija.<\/p>\n<p>Deseti Mar\u0161 mira u Dortmundu odr\u017ean je u znaku doga\u0111aja koji je obilje\u017eio jednu od najtragi\u010dnijih epizoda u novijoj evropskoj istoriji. Ovaj doga\u0111aj je imao za cilj ne samo sje\u0107anje na stradale, ve\u0107 i podizanje svijesti o va\u017enosti borbe protiv genocida, netolerancije i mr\u017enje, prenosi DW.<\/p>\n<p>Organizatori nagla\u0161avaju da se genocid u Srebrenici ne smije zaboraviti i da je, kako ka\u017eu, \u201ena\u0161a du\u017enost da se zajedno borimo za pravdu i mir\u201c.<\/p>\n<p>Na mar\u0161u su u\u010destvovale brojne istaknute politi\u010dke li\u010dnosti koje su svojim prisustvom pokazale podr\u0161ku ovoj va\u017enoj inicijativi.<\/p>\n<p>Kulturni i vjerski predstavnici tako\u0111eigraju klju\u010dnu ulogu u ovom doga\u0111aju, pru\u017eaju\u0107i duhovnu i moralnu podr\u0161ku svim u\u010desnicima. Njihovo prisustvo nagla\u0161ava va\u017enost me\u0111ureligijskog dijaloga i kulturne saradnje u izgradnji mira.<\/p>\n<p>Mar\u0161 mira u Dortmundu postao je simbol zajedni\u010dke borbe za pravdu i pomirenje, podsje\u0107aju\u0107i na va\u017enost o\u010duvanja sje\u0107anja na \u017ertve Srebrenice.<\/p>\n<p>Svojim prisustvom i aktivnim u\u010de\u0161\u0107em, u\u010desnici \u0161alju poruku da je borba protiv mr\u017enje i nasilja stalna i da zajedno mo\u017eemo izgraditi svijet u kojem se ovakve tragedije nikada vi\u0161e ne\u0107e ponoviti.<\/p>\n","protected":false},"excerpt":{"rendered":"<p>U Dortmundu je odr\u017ean deseti Mar\u0161 mira u \u010dast \u017ertvama genocida u Srebrenici. Poruka je bila da je borba protiv mr\u017enje i nasilja stalna te da zajedno mo\u017eemo spre\u010diti ponavljanje ovakvih tragedija.<\/p>\n","protected":false},"author":1,"featured_media":406698,"comment_status":"open","ping_status":"closed","sticky":false,"template":"","format":"standard","meta":{"_seopress_robots_primary_cat":"none","_seopress_titles_title":"","_seopress_titles_desc":"","_seopress_robots_index":"","_et_pb_use_builder":"","_et_pb_old_content":"","_et_gb_content_width":"","inline_featured_image":false,"footnotes":""},"categories":[14],"tags":[],"class_list":["post-406694","post","type-post","status-publish","format-standard","has-post-thumbnail","hentry","category-vijesti"],"_links":{"self":[{"href":"https:\/\/www.pcnen.com\/portal\/wp-json\/wp\/v2\/posts\/406694","targetHints":{"allow":["GET"]}}],"collection":[{"href":"https:\/\/www.pcnen.com\/portal\/wp-json\/wp\/v2\/posts"}],"about":[{"href":"https:\/\/www.pcnen.com\/portal\/wp-json\/wp\/v2\/types\/post"}],"author":[{"embeddable":true,"href":"https:\/\/www.pcnen.com\/portal\/wp-json\/wp\/v2\/users\/1"}],"replies":[{"embeddable":true,"href":"https:\/\/www.pcnen.com\/portal\/wp-json\/wp\/v2\/comments?post=406694"}],"version-history":[{"count":2,"href":"https:\/\/www.pcnen.com\/portal\/wp-json\/wp\/v2\/posts\/406694\/revisions"}],"predecessor-version":[{"id":406700,"href":"https:\/\/www.pcnen.com\/portal\/wp-json\/wp\/v2\/posts\/406694\/revisions\/406700"}],"wp:featuredmedia":[{"embeddable":true,"href":"https:\/\/www.pcnen.com\/portal\/wp-json\/wp\/v2\/media\/406698"}],"wp:attachment":[{"href":"https:\/\/www.pcnen.com\/portal\/wp-json\/wp\/v2\/media?parent=406694"}],"wp:term":[{"taxonomy":"category","embeddable":true,"href":"https:\/\/www.pcnen.com\/portal\/wp-json\/wp\/v2\/categories?post=406694"},{"taxonomy":"post_tag","embeddable":true,"href":"https:\/\/www.pcnen.com\/portal\/wp-json\/wp\/v2\/tags?post=406694"}],"curies":[{"name":"wp","href":"https:\/\/api.w.org\/{rel}","templated":true}]}}