{"id":406679,"date":"2024-07-09T06:39:54","date_gmt":"2024-07-09T04:39:54","guid":{"rendered":"https:\/\/www.pcnen.com\/portal\/?p=406679"},"modified":"2024-07-09T06:39:54","modified_gmt":"2024-07-09T04:39:54","slug":"konakovic-o-boravku-kadeta-iz-srbije-u-bih-sve-uradjeno-u-skladu-sa-procedurama","status":"publish","type":"post","link":"https:\/\/www.pcnen.com\/portal\/2024\/07\/09\/konakovic-o-boravku-kadeta-iz-srbije-u-bih-sve-uradjeno-u-skladu-sa-procedurama\/","title":{"rendered":"Konakovi\u0107 o boravku kadeta iz Srbije u BiH: Sve ura\u0111eno u skladu sa procedurama"},"content":{"rendered":"<p>Ministar spoljnih poslova Bosne i Hercegovine (BiH) Elmedin Konakovi\u0107 je izjavio da je sve ura\u0111eno u skladu sa procedurama povodom dolaska u tu zemlju kadeta vojne i policijske akademije iz Beograda, koji je izazvao burne reakcije u Sarajevu, prenosi Beta.<\/p>\n<p>Konakovi\u0107 je iz Va\u0161ingtona rekao za sarajevski Avaz da je Ministarstvo na \u010dijem je \u010delu proslijedilo Grani\u010dnoj policiji BiH depe\u0161u Ambasade Srbije u Sarajevu o dolasku vojnih i policijskih kadeta iz Beograda.<\/p>\n<p>&#8220;Mi smo dobili depe\u0161u i prosledili je. Ni ja ni Ministarstvo spoljnih poslova nismo nadle\u017eni da vr\u0161imo provjere. Grani\u010dna policija postupa dalje ako misli da su potrebne dodatne provjere, to mogu onda da tra\u017ee od Obavje\u0161tajno-bezbjednosne agencije (OBA) ako imaju neku sumnju&#8221;, kazao je Konakovi\u0107.<\/p>\n<p>On je naveo da nije bilo potrebe da se o tome obavje\u0161tava Predsjedni\u0161tvo BiH, \u0161to mu spo\u010ditavaju pojedini politi\u010dari u Sarajevu, i dodao da &#8220;zna da je ovima iz Stranke demokratske akcije (SDA) kriv za sve&#8221; i da je to &#8220;nastavak njihove prljave kampanje&#8221;.<\/p>\n<p>&#8220;Kada ne znaju \u0161ta \u0107e, Konakovi\u0107 je kriv za sve. Me\u0111utim, (\u010dlan Predsjedni\u0161tva BiH \u017deljko) Kom\u0161i\u0107 bi trebalo da zna zakone ove zemlje, poslije toliko godina parazitiranja u Predsjedni\u0161tvu&#8221;, rekao je Konakovi\u0107.<\/p>\n<p>On je kazao da nije bio du\u017ean da obavijesti Predsjedni\u0161tvo BiH o dolasku delegacije iz Srbije, jer je u depe\u0161i najavljen dolazak studenata, kadeta i vojnih predstavnika bez naoru\u017eanja.<\/p>\n<p>&#8220;Ostale provjere i procedure su na Grani\u010dnoj policiji BiH. Za\u0161to oni nisu o svemu obavijestili Ministarstvo bezbjednosti BiH ako je ne\u0161to sumnjivo&#8221;, upitao je Konakovi\u0107.<\/p>\n<blockquote><p>Vojni i policijski kadeti iz Srbije boravili su 6. i 7. jula u BiH, na obilje\u017eavaju godi\u0161njice stradanja Srba u Podrinju tokom rata u BiH 1990-ih i 82. godi\u0161njice Bitke na Kozari.<\/p>\n<p>Sarajevski politi\u010dari i mediji su burno reagovali nakon \u0161to su kadeti ju\u010de u uniformama prodefilovali kroz Prijedor, prije odlaska na Kozaru, dok je njihov boravak u Bratuncu, dan ranije, pro\u0161ao nezapa\u017eeno.<\/p><\/blockquote>\n<p>&nbsp;<\/p>\n","protected":false},"excerpt":{"rendered":"<p>Ministar spoljnih poslova Bosne i Hercegovine (BiH) Elmedin Konakovi\u0107 je izjavio da je sve ura\u0111eno u skladu sa procedurama povodom dolaska u tu zemlju kadeta vojne i policijske akademije iz Beograda, koji je izazvao burne reakcije u Sarajevu<\/p>\n","protected":false},"author":1,"featured_media":406682,"comment_status":"open","ping_status":"closed","sticky":false,"template":"","format":"standard","meta":{"_seopress_robots_primary_cat":"none","_seopress_titles_title":"","_seopress_titles_desc":"","_seopress_robots_index":"","_et_pb_use_builder":"","_et_pb_old_content":"","_et_gb_content_width":"","inline_featured_image":false,"footnotes":""},"categories":[14],"tags":[],"class_list":["post-406679","post","type-post","status-publish","format-standard","has-post-thumbnail","hentry","category-vijesti"],"_links":{"self":[{"href":"https:\/\/www.pcnen.com\/portal\/wp-json\/wp\/v2\/posts\/406679","targetHints":{"allow":["GET"]}}],"collection":[{"href":"https:\/\/www.pcnen.com\/portal\/wp-json\/wp\/v2\/posts"}],"about":[{"href":"https:\/\/www.pcnen.com\/portal\/wp-json\/wp\/v2\/types\/post"}],"author":[{"embeddable":true,"href":"https:\/\/www.pcnen.com\/portal\/wp-json\/wp\/v2\/users\/1"}],"replies":[{"embeddable":true,"href":"https:\/\/www.pcnen.com\/portal\/wp-json\/wp\/v2\/comments?post=406679"}],"version-history":[{"count":1,"href":"https:\/\/www.pcnen.com\/portal\/wp-json\/wp\/v2\/posts\/406679\/revisions"}],"predecessor-version":[{"id":406683,"href":"https:\/\/www.pcnen.com\/portal\/wp-json\/wp\/v2\/posts\/406679\/revisions\/406683"}],"wp:featuredmedia":[{"embeddable":true,"href":"https:\/\/www.pcnen.com\/portal\/wp-json\/wp\/v2\/media\/406682"}],"wp:attachment":[{"href":"https:\/\/www.pcnen.com\/portal\/wp-json\/wp\/v2\/media?parent=406679"}],"wp:term":[{"taxonomy":"category","embeddable":true,"href":"https:\/\/www.pcnen.com\/portal\/wp-json\/wp\/v2\/categories?post=406679"},{"taxonomy":"post_tag","embeddable":true,"href":"https:\/\/www.pcnen.com\/portal\/wp-json\/wp\/v2\/tags?post=406679"}],"curies":[{"name":"wp","href":"https:\/\/api.w.org\/{rel}","templated":true}]}}