{"id":406662,"date":"2024-07-08T19:40:01","date_gmt":"2024-07-08T17:40:01","guid":{"rendered":"https:\/\/www.pcnen.com\/portal\/?p=406662"},"modified":"2024-07-08T19:41:39","modified_gmt":"2024-07-08T17:41:39","slug":"hrvatska-ce-uzvratiti-crnoj-gori-kako-znacete","status":"publish","type":"post","link":"https:\/\/www.pcnen.com\/portal\/2024\/07\/08\/hrvatska-ce-uzvratiti-crnoj-gori-kako-znacete\/","title":{"rendered":"&#8216;Hrvatska \u0107e uzvratiti Crnoj Gori. Kako? Zna\u0107ete!&#8217;"},"content":{"rendered":"<p>Posebna savjetnica hrvatskog \u0161efa diplomatije Vanda Babi\u0107 Gali\u0107 je izjavila da \u0107e Hrvatska uzvratiti Crnoj Gori zbog usvajanja rezolucije o Jasenovcu, ali nije precizirala kako.<\/p>\n<p>\u201cSmjer djelovanja, vrijeme i na\u010din \u0107e odrediti vlada i premijer (Andrej Plenkovi\u0107). Ne\u0107emo to najavljivati preko medija, ali oni koji treba da brinu nisu hrvatski gra\u0111ani ni Republika Hrvatska. Dakle, kako? Zna\u0107ete\u201d, odgovorila je Babi\u0107Gali\u0107 u <a href=\"https:\/\/www.vecernji.hr\/vijesti\/hrvatska-ce-uzvratiti-crnoj-gori-kako-znat-cete-1783058\">intervjuu Ve\u010denjem listu,<\/a> upitana ho\u0107e li Hrvatska blokirati put Crne Gore u EU i kako.<\/p>\n<p>Ona je podstila da je Hrvatska uputila \u201esna\u017enu i jasnu notu\u201c Crnoj Gori po\u0161to je nedavno u crnogorskom parlamentu usvojena Rezolucija o genocidu u logorima Jasenovac, Dahau i Mathauzen.<\/p>\n<p>\u201c\u017dalosti nas \u0161to je Crna Gora na\u0161u otvorenu i prijateljsku ruku i sve \u0161to smo za njen evropski put \u010dinili prepoznala kao slabost, a ne kao kao kvalitet i snagu\u201d, dodala je savjetnica hrvatskog ministra spoljnih i evropskih poslova Gordana Grli\u0107a Radmana.<\/p>\n<p>&#8220;Nama nije potrebno pokazivati zube, osim osmijehom. To je narativ onih koji jo\u0161 nisu dostigli civilizacijski nivo stolje\u0107a u kojem \u017eivimo te svoju snagu bildaju umjetnim mi\u0161i\u0107ima ispunjenim balonima mraka&#8221;, rekla je Babi\u0107 Gali\u0107.<\/p>\n<p>Dodala je da Rezolucija ne \u0161teti Hrvatskoj iako je, kako tvrdi, to njena intencija, ve\u0107 Crnoj Gori i njenim gra\u0111anima.<\/p>\n<blockquote class=\"wp-embedded-content\" data-secret=\"xmeFQYhIXf\"><p><a href=\"https:\/\/www.pcnen.com\/portal\/2024\/06\/28\/skupstina-vecina-usvojila-rezolucije-o-genocidu-u-jasenovcu-dahau-i-mauthauzenu\/\">Skup\u0161tina: Ve\u0107ina usvojila rezolucije o genocidu u Jasenovcu, Dahau i Mauthauzenu<\/a><\/p><\/blockquote>\n<p><iframe loading=\"lazy\" class=\"wp-embedded-content\" sandbox=\"allow-scripts\" security=\"restricted\" style=\"position: absolute; clip: rect(1px, 1px, 1px, 1px);\" title=\"&#8220;Skup\u0161tina: Ve\u0107ina usvojila rezolucije o genocidu u Jasenovcu, Dahau i Mauthauzenu&#8221; &#8212; PCNEN\" src=\"https:\/\/www.pcnen.com\/portal\/2024\/06\/28\/skupstina-vecina-usvojila-rezolucije-o-genocidu-u-jasenovcu-dahau-i-mauthauzenu\/embed\/#?secret=NBLLZs9Dio#?secret=xmeFQYhIXf\" data-secret=\"xmeFQYhIXf\" width=\"600\" height=\"338\" frameborder=\"0\" marginwidth=\"0\" marginheight=\"0\" scrolling=\"no\"><\/iframe><\/p>\n","protected":false},"excerpt":{"rendered":"<p>Posebna savjetnica hrvatskog \u0161efa diplomatije Vanda Babi\u0107 Gali\u0107 je izjavila da \u0107e Hrvatska uzvratiti Crnoj Gori zbog usvajanja rezolucije o Jasenovcu, ali nije precizirala kako.<\/p>\n","protected":false},"author":1,"featured_media":406665,"comment_status":"open","ping_status":"closed","sticky":false,"template":"","format":"standard","meta":{"_seopress_robots_primary_cat":"none","_seopress_titles_title":"","_seopress_titles_desc":"","_seopress_robots_index":"","_et_pb_use_builder":"","_et_pb_old_content":"","_et_gb_content_width":"","inline_featured_image":false,"footnotes":""},"categories":[14],"tags":[],"class_list":["post-406662","post","type-post","status-publish","format-standard","has-post-thumbnail","hentry","category-vijesti"],"_links":{"self":[{"href":"https:\/\/www.pcnen.com\/portal\/wp-json\/wp\/v2\/posts\/406662","targetHints":{"allow":["GET"]}}],"collection":[{"href":"https:\/\/www.pcnen.com\/portal\/wp-json\/wp\/v2\/posts"}],"about":[{"href":"https:\/\/www.pcnen.com\/portal\/wp-json\/wp\/v2\/types\/post"}],"author":[{"embeddable":true,"href":"https:\/\/www.pcnen.com\/portal\/wp-json\/wp\/v2\/users\/1"}],"replies":[{"embeddable":true,"href":"https:\/\/www.pcnen.com\/portal\/wp-json\/wp\/v2\/comments?post=406662"}],"version-history":[{"count":2,"href":"https:\/\/www.pcnen.com\/portal\/wp-json\/wp\/v2\/posts\/406662\/revisions"}],"predecessor-version":[{"id":406667,"href":"https:\/\/www.pcnen.com\/portal\/wp-json\/wp\/v2\/posts\/406662\/revisions\/406667"}],"wp:featuredmedia":[{"embeddable":true,"href":"https:\/\/www.pcnen.com\/portal\/wp-json\/wp\/v2\/media\/406665"}],"wp:attachment":[{"href":"https:\/\/www.pcnen.com\/portal\/wp-json\/wp\/v2\/media?parent=406662"}],"wp:term":[{"taxonomy":"category","embeddable":true,"href":"https:\/\/www.pcnen.com\/portal\/wp-json\/wp\/v2\/categories?post=406662"},{"taxonomy":"post_tag","embeddable":true,"href":"https:\/\/www.pcnen.com\/portal\/wp-json\/wp\/v2\/tags?post=406662"}],"curies":[{"name":"wp","href":"https:\/\/api.w.org\/{rel}","templated":true}]}}