{"id":406645,"date":"2024-07-08T13:24:27","date_gmt":"2024-07-08T11:24:27","guid":{"rendered":"https:\/\/www.pcnen.com\/portal\/?p=406645"},"modified":"2024-07-08T13:24:27","modified_gmt":"2024-07-08T11:24:27","slug":"preminuo-novinar-krsto-mijanovic","status":"publish","type":"post","link":"https:\/\/www.pcnen.com\/portal\/2024\/07\/08\/preminuo-novinar-krsto-mijanovic\/","title":{"rendered":"Preminuo novinar Krsto Mijanovi\u0107"},"content":{"rendered":"<p>Dugogodi\u0161nji novinar i glavni i odgovorni urednik Cetinjskog lista, Krsto Mijanovi\u0107 umro je na Cetinju u 76 godini, <a href=\"https:\/\/cetinjskilist.com\/umro-krsto-mijanovic\/\" target=\"_blank\" rel=\"noopener\">objavio<\/a> je portal Cetinjski list.<\/p>\n<p>Mijanovi\u0107 je diplomirao knji\u017eevnost na Univerzitetu u Beogradu i nakon zavr\u0161enih studija zapo\u010deo novinarsku karijeru na Cetinju, .<\/p>\n<p>&#8220;Me\u0111u kolegama \u0107e ostati upam\u0107en kao obrazovan, o\u0161trouman i duhovit \u010dovjek&#8221;, napisale su kolege.<\/p>\n<p>Krsto Mijanovi\u0107 bi\u0107e sahranjen u Nik\u0161i\u0107u 9.jula.<\/p>\n","protected":false},"excerpt":{"rendered":"<p>Dugogodi\u0161nji novinar i glavni i odgovorni urednik Cetinjskog lista, Krsto Mijanovi\u0107 umro je na Cetinju u 76 godini, objavio je portal Cetinjski list.<\/p>\n","protected":false},"author":1,"featured_media":406648,"comment_status":"open","ping_status":"closed","sticky":false,"template":"","format":"standard","meta":{"_seopress_robots_primary_cat":"none","_seopress_titles_title":"","_seopress_titles_desc":"","_seopress_robots_index":"","_et_pb_use_builder":"","_et_pb_old_content":"","_et_gb_content_width":"","inline_featured_image":false,"footnotes":""},"categories":[14],"tags":[],"class_list":["post-406645","post","type-post","status-publish","format-standard","has-post-thumbnail","hentry","category-vijesti"],"_links":{"self":[{"href":"https:\/\/www.pcnen.com\/portal\/wp-json\/wp\/v2\/posts\/406645","targetHints":{"allow":["GET"]}}],"collection":[{"href":"https:\/\/www.pcnen.com\/portal\/wp-json\/wp\/v2\/posts"}],"about":[{"href":"https:\/\/www.pcnen.com\/portal\/wp-json\/wp\/v2\/types\/post"}],"author":[{"embeddable":true,"href":"https:\/\/www.pcnen.com\/portal\/wp-json\/wp\/v2\/users\/1"}],"replies":[{"embeddable":true,"href":"https:\/\/www.pcnen.com\/portal\/wp-json\/wp\/v2\/comments?post=406645"}],"version-history":[{"count":1,"href":"https:\/\/www.pcnen.com\/portal\/wp-json\/wp\/v2\/posts\/406645\/revisions"}],"predecessor-version":[{"id":406649,"href":"https:\/\/www.pcnen.com\/portal\/wp-json\/wp\/v2\/posts\/406645\/revisions\/406649"}],"wp:featuredmedia":[{"embeddable":true,"href":"https:\/\/www.pcnen.com\/portal\/wp-json\/wp\/v2\/media\/406648"}],"wp:attachment":[{"href":"https:\/\/www.pcnen.com\/portal\/wp-json\/wp\/v2\/media?parent=406645"}],"wp:term":[{"taxonomy":"category","embeddable":true,"href":"https:\/\/www.pcnen.com\/portal\/wp-json\/wp\/v2\/categories?post=406645"},{"taxonomy":"post_tag","embeddable":true,"href":"https:\/\/www.pcnen.com\/portal\/wp-json\/wp\/v2\/tags?post=406645"}],"curies":[{"name":"wp","href":"https:\/\/api.w.org\/{rel}","templated":true}]}}