{"id":406641,"date":"2024-07-08T13:06:00","date_gmt":"2024-07-08T11:06:00","guid":{"rendered":"https:\/\/www.pcnen.com\/portal\/?p=406641"},"modified":"2024-07-08T13:06:00","modified_gmt":"2024-07-08T11:06:00","slug":"neradni-dani-povodom-13-jula-dana-drzavnosti","status":"publish","type":"post","link":"https:\/\/www.pcnen.com\/portal\/2024\/07\/08\/neradni-dani-povodom-13-jula-dana-drzavnosti\/","title":{"rendered":"Neradni dani povodom 13. jula &#8211; Dana dr\u017eavnosti"},"content":{"rendered":"<p>Dan dr\u017eavnosti Crne Gore praznova\u0107e se 13. i 14. jula, saop\u0161tilo je Ministarstvo rada i socijalnog staranja.<\/p>\n<p>&#8220;Kako je drugi prazni\u010dni dan nedjelja, neradni dani za 13. jul &#8211; Dan dr\u017eavnosti su subota 13. jul, nedjelja 14. jul i ponedjeljak 15. jul&#8221;, saop\u0161teno je.<\/p>\n<p>&#8220;Dr\u017eavni organi, organi lokalne samouprave, javne ustanove, javna preduze\u0107a i drugi subjekti koji obavljaju djelatnosti od javnog interesa du\u017eni su da u prazni\u010dne dane obezbijede vr\u0161enje poslova \u010dijim bi prekidom mogle nastupiti \u0161tetne posljedice po gra\u0111ane ili dr\u017eavu&#8221;; navedeno je u saop\u0161tenju resornog ministarstva.<\/p>\n","protected":false},"excerpt":{"rendered":"<p>&#8220;Kako je drugi prazni\u010dni dan nedjelja, neradni dani za 13. jul &#8211; Dan dr\u017eavnosti su subota 13. jul, nedjelja 14. jul i ponedjeljak 15. jul&#8221;, saop\u0161teno je<\/p>\n","protected":false},"author":1,"featured_media":320286,"comment_status":"open","ping_status":"closed","sticky":false,"template":"","format":"standard","meta":{"_seopress_robots_primary_cat":"none","_seopress_titles_title":"","_seopress_titles_desc":"","_seopress_robots_index":"","_et_pb_use_builder":"","_et_pb_old_content":"","_et_gb_content_width":"","inline_featured_image":false,"footnotes":""},"categories":[14],"tags":[],"class_list":["post-406641","post","type-post","status-publish","format-standard","has-post-thumbnail","hentry","category-vijesti"],"_links":{"self":[{"href":"https:\/\/www.pcnen.com\/portal\/wp-json\/wp\/v2\/posts\/406641","targetHints":{"allow":["GET"]}}],"collection":[{"href":"https:\/\/www.pcnen.com\/portal\/wp-json\/wp\/v2\/posts"}],"about":[{"href":"https:\/\/www.pcnen.com\/portal\/wp-json\/wp\/v2\/types\/post"}],"author":[{"embeddable":true,"href":"https:\/\/www.pcnen.com\/portal\/wp-json\/wp\/v2\/users\/1"}],"replies":[{"embeddable":true,"href":"https:\/\/www.pcnen.com\/portal\/wp-json\/wp\/v2\/comments?post=406641"}],"version-history":[{"count":1,"href":"https:\/\/www.pcnen.com\/portal\/wp-json\/wp\/v2\/posts\/406641\/revisions"}],"predecessor-version":[{"id":406644,"href":"https:\/\/www.pcnen.com\/portal\/wp-json\/wp\/v2\/posts\/406641\/revisions\/406644"}],"wp:featuredmedia":[{"embeddable":true,"href":"https:\/\/www.pcnen.com\/portal\/wp-json\/wp\/v2\/media\/320286"}],"wp:attachment":[{"href":"https:\/\/www.pcnen.com\/portal\/wp-json\/wp\/v2\/media?parent=406641"}],"wp:term":[{"taxonomy":"category","embeddable":true,"href":"https:\/\/www.pcnen.com\/portal\/wp-json\/wp\/v2\/categories?post=406641"},{"taxonomy":"post_tag","embeddable":true,"href":"https:\/\/www.pcnen.com\/portal\/wp-json\/wp\/v2\/tags?post=406641"}],"curies":[{"name":"wp","href":"https:\/\/api.w.org\/{rel}","templated":true}]}}