{"id":406632,"date":"2024-07-08T12:09:45","date_gmt":"2024-07-08T10:09:45","guid":{"rendered":"https:\/\/www.pcnen.com\/portal\/?p=406632"},"modified":"2024-07-08T12:09:45","modified_gmt":"2024-07-08T10:09:45","slug":"delegacija-crnogorskog-parlamenta-11-jula-u-potocarima","status":"publish","type":"post","link":"https:\/\/www.pcnen.com\/portal\/2024\/07\/08\/delegacija-crnogorskog-parlamenta-11-jula-u-potocarima\/","title":{"rendered":"Delegacija crnogorskog parlamenta 11. jula u Poto\u010darima"},"content":{"rendered":"<p>Delegacija Skup\u0161tine Crne Gore koju \u0107e predvoditi potpredsjednica Zdenka Popovi\u0107 (Demokratska CG) posjeti\u0107e Poto\u010dare 11. jula i odati po\u0161tu \u017ertvama genocida.<\/p>\n<p>Popovi\u0107 je ovo saop\u0161tila na po\u010detku dana\u0161nje sjednice parlamenta, odgovaraju\u0107i na pitanje poslanika Bo\u0161nja\u010dke stranke, kako \u0107e biti obilje\u017een Me\u0111unarodni dan sje\u0107anja na genocid u Srebrenici.<\/p>\n<p>11. juli ozna\u010den je kao Me\u0111unarodni dan sje\u0107anja na genocid u Srebrenici nakon \u0161to je 23. maja rezolucija usvojena u Generalnoj Skup\u0161tini UN. Za rezoluciju je glasala i Crna Gora.<\/p>\n","protected":false},"excerpt":{"rendered":"<p>Delegacija Skup\u0161tine Crne Gore koju \u0107e predvoditi potpredsjednica Zdenka Popovi\u0107 (Demokratska CG) posjeti\u0107e Poto\u010dare 11. jula i odati po\u0161tu \u017ertvama genocida<\/p>\n","protected":false},"author":1,"featured_media":152202,"comment_status":"open","ping_status":"closed","sticky":false,"template":"","format":"standard","meta":{"_seopress_robots_primary_cat":"none","_seopress_titles_title":"","_seopress_titles_desc":"","_seopress_robots_index":"","_et_pb_use_builder":"","_et_pb_old_content":"","_et_gb_content_width":"","inline_featured_image":false,"footnotes":""},"categories":[14],"tags":[],"class_list":["post-406632","post","type-post","status-publish","format-standard","has-post-thumbnail","hentry","category-vijesti"],"_links":{"self":[{"href":"https:\/\/www.pcnen.com\/portal\/wp-json\/wp\/v2\/posts\/406632","targetHints":{"allow":["GET"]}}],"collection":[{"href":"https:\/\/www.pcnen.com\/portal\/wp-json\/wp\/v2\/posts"}],"about":[{"href":"https:\/\/www.pcnen.com\/portal\/wp-json\/wp\/v2\/types\/post"}],"author":[{"embeddable":true,"href":"https:\/\/www.pcnen.com\/portal\/wp-json\/wp\/v2\/users\/1"}],"replies":[{"embeddable":true,"href":"https:\/\/www.pcnen.com\/portal\/wp-json\/wp\/v2\/comments?post=406632"}],"version-history":[{"count":1,"href":"https:\/\/www.pcnen.com\/portal\/wp-json\/wp\/v2\/posts\/406632\/revisions"}],"predecessor-version":[{"id":406635,"href":"https:\/\/www.pcnen.com\/portal\/wp-json\/wp\/v2\/posts\/406632\/revisions\/406635"}],"wp:featuredmedia":[{"embeddable":true,"href":"https:\/\/www.pcnen.com\/portal\/wp-json\/wp\/v2\/media\/152202"}],"wp:attachment":[{"href":"https:\/\/www.pcnen.com\/portal\/wp-json\/wp\/v2\/media?parent=406632"}],"wp:term":[{"taxonomy":"category","embeddable":true,"href":"https:\/\/www.pcnen.com\/portal\/wp-json\/wp\/v2\/categories?post=406632"},{"taxonomy":"post_tag","embeddable":true,"href":"https:\/\/www.pcnen.com\/portal\/wp-json\/wp\/v2\/tags?post=406632"}],"curies":[{"name":"wp","href":"https:\/\/api.w.org\/{rel}","templated":true}]}}