{"id":406627,"date":"2024-07-08T11:58:55","date_gmt":"2024-07-08T09:58:55","guid":{"rendered":"https:\/\/www.pcnen.com\/portal\/?p=406627"},"modified":"2024-07-08T11:58:55","modified_gmt":"2024-07-08T09:58:55","slug":"orban-sa-djinpingom-u-pekingu","status":"publish","type":"post","link":"https:\/\/www.pcnen.com\/portal\/2024\/07\/08\/orban-sa-djinpingom-u-pekingu\/","title":{"rendered":"Orban sa \u0110inpingom u Pekingu"},"content":{"rendered":"<p>Predsjednik Kine Si \u0110inping SE sastao danas u Pekingu sa ma\u0111arskim premijerom Viktorom Orbanom, \u010dija dr\u017eava narednih pola godine predsjedava EU.<\/p>\n<p>Kako prenosi kineski interbacionalni radio, predsjednik Kine je naglasio da su odnosi Kine i EU od strate\u0161kog zna\u010daja i globalnog uticaja. i sugerisao da bi dvije strane trebalo da odr\u017ee stabilan i zdrav razvoj odnosa i zajedni\u010dki reaguju na globalne izazove.<\/p>\n<p>\u201eNadam se da \u0107e Ma\u0111arska, kao predsedavaju\u0107a EU, igrati pozitivnu ulogu u promovisanju zdravog i stabilnog razvoja odnosa i ostvarivanju dobrih kontakata izme\u0111u Kine i EU\u201c, podvukao je kineski predsjednik.<\/p>\n<p>\u201eKina je va\u017ena stabilizuju\u0107a sila za mir u svijetu. Ma\u0111arska visoko ocjenjuje i pridaje veliki zna\u010daj ulozi i uticaju Kine, i spremna je da odr\u017eava blisku strate\u0161ku komunikaciju i saradnju sa Kinom. Ma\u0111arska se zala\u017ee za ja\u010danje saradnje sa Kinom, protivi se stvaranju \u201amalih krugova\u2018 i blokovskoj konfrontaciji, i voljna je da aktivno unapre\u0111uje zdrav razvoj odnosa EU i Kine\u201c, rekao je ma\u0111arski premijer Orban.<\/p>\n<p>Si \u0110inping je pohvalio Orbanove napore za unapre\u0111enje politi\u010dkog rje\u0161enja krize u Ukrajini i obrazlo\u017eio stavove i pozicije Kine. On je naglasio da su \u0161to raniji prekid vatre, prestanak neprijateljstava i potraga za politi\u010dkim rje\u0161enjem u interesu svih strana.<\/p>\n<p>\u201eKina je stalno na svoj na\u010din aktivno promovisala mirovne pregovore, ohrabrivala i podr\u017eavala sve napore koji koriste mirnom rje\u0161avanju krize. Osnovni stavovi i pravci napora Kine i Ma\u0111arske su isti. Kina je spremna da dalje odr\u017eava komunikaciju sa Ma\u0111arskom i svim zainteresovanim stranama\u201c, naveo je predsednik Si.<\/p>\n","protected":false},"excerpt":{"rendered":"<p>Predsjednik Kine Si \u0110inping SE sastao danas u Pekingu sa ma\u0111arskim premijerom Viktorom Orbanom, \u010dija dr\u017eava narednih pola godine predsjedava EU<\/p>\n","protected":false},"author":1,"featured_media":406630,"comment_status":"open","ping_status":"closed","sticky":false,"template":"","format":"standard","meta":{"_seopress_robots_primary_cat":"none","_seopress_titles_title":"","_seopress_titles_desc":"","_seopress_robots_index":"","_et_pb_use_builder":"","_et_pb_old_content":"","_et_gb_content_width":"","inline_featured_image":false,"footnotes":""},"categories":[14],"tags":[],"class_list":["post-406627","post","type-post","status-publish","format-standard","has-post-thumbnail","hentry","category-vijesti"],"_links":{"self":[{"href":"https:\/\/www.pcnen.com\/portal\/wp-json\/wp\/v2\/posts\/406627","targetHints":{"allow":["GET"]}}],"collection":[{"href":"https:\/\/www.pcnen.com\/portal\/wp-json\/wp\/v2\/posts"}],"about":[{"href":"https:\/\/www.pcnen.com\/portal\/wp-json\/wp\/v2\/types\/post"}],"author":[{"embeddable":true,"href":"https:\/\/www.pcnen.com\/portal\/wp-json\/wp\/v2\/users\/1"}],"replies":[{"embeddable":true,"href":"https:\/\/www.pcnen.com\/portal\/wp-json\/wp\/v2\/comments?post=406627"}],"version-history":[{"count":1,"href":"https:\/\/www.pcnen.com\/portal\/wp-json\/wp\/v2\/posts\/406627\/revisions"}],"predecessor-version":[{"id":406631,"href":"https:\/\/www.pcnen.com\/portal\/wp-json\/wp\/v2\/posts\/406627\/revisions\/406631"}],"wp:featuredmedia":[{"embeddable":true,"href":"https:\/\/www.pcnen.com\/portal\/wp-json\/wp\/v2\/media\/406630"}],"wp:attachment":[{"href":"https:\/\/www.pcnen.com\/portal\/wp-json\/wp\/v2\/media?parent=406627"}],"wp:term":[{"taxonomy":"category","embeddable":true,"href":"https:\/\/www.pcnen.com\/portal\/wp-json\/wp\/v2\/categories?post=406627"},{"taxonomy":"post_tag","embeddable":true,"href":"https:\/\/www.pcnen.com\/portal\/wp-json\/wp\/v2\/tags?post=406627"}],"curies":[{"name":"wp","href":"https:\/\/api.w.org\/{rel}","templated":true}]}}