{"id":406622,"date":"2024-07-08T11:26:56","date_gmt":"2024-07-08T09:26:56","guid":{"rendered":"https:\/\/www.pcnen.com\/portal\/?p=406622"},"modified":"2024-07-08T11:26:56","modified_gmt":"2024-07-08T09:26:56","slug":"grupa-novinara-ki-pobjede-najavila-strajk","status":"publish","type":"post","link":"https:\/\/www.pcnen.com\/portal\/2024\/07\/08\/grupa-novinara-ki-pobjede-najavila-strajk\/","title":{"rendered":"Grupa novinara\/ki Pobjede najavila \u0161trajk"},"content":{"rendered":"<p>Vi\u0161e od 20 novinara\/ki dnevnika Nove Pobjede se obratilo jutros novoformiranom Bordu direktora ovog mediija zahtijevaju\u0107i, izme\u0111u ostalog, uz najavu \u0161trajka, pisano obrazlo\u017eenje razloga za smjenu glavnog i odgovornog urednika Dra\u0161ka \u0110uranovi\u0107a, kao i plan i program rada novog izvr\u0161nog direktora i glavnog i odgovornog urednika Nenada Ze\u010devi\u0107a.<\/p>\n<p>Potpisnici\/ce pisma su Bordu direktora ukazali na \u010dlan 42 novog Zakona o medijima u kojem je precizirano da se pitanja u\u010de\u0161\u0107a novinara u postupku imenovanja i razrje\u0161enja glavnog urednika ure\u0111uju statutom osniva\u010da medija, te da se statut mijenja uz obaveznu prethodnu konsultaciju novinara tog medija.<\/p>\n<p>Potpisnici pisma isti\u010du da nijesu obavije\u0161teni da li je mijenjan Statut, niti su, ako jeste, bili konsultovani, pa smatraju \u201eda je razrje\u0161enje gospodina \u0110uranovi\u0107a i imenovanja Ze\u010devi\u0107a ura\u0111eno u nezakonitoj proceduri\u201c.<\/p>\n<p>U pismu isti\u010du i da nijesu upoznati ko \u010dini Bord direktora Nove Pobjede o \u010dijem je formiranju javnost obavije\u0161tena 4. jula saop\u0161tenjem iz kompanije Media Nea, koja je stopostotni vlasnik Nove Pobjede, a koje je potpisao njen direktor Boris Darmanovi\u0107.<\/p>\n<p>Potpisnici\/ce pisma ka\u017eu da uznemirenje izaziva tvrdnja novog izvr\u0161nog direktora i glavnog i odgovornog urednika, koju je saop\u0161tio kolegijumu urednika da je Nova Pobjeda, navodno, u ogromnim dugovima, \u0161to prema informacijama kojima oni raspola\u017eu nije ta\u010dno.<\/p>\n<p>\u201eNeprihvatljivo nam je da, ne samo \u0161to nijesmo konsultovani, ve\u0107 \u0161to niko ne nalazi za shodno da nam svih ovih dana pru\u017ei odgovore, a zabrinuti smo i za svoju i budu\u0107nost ove ku\u0107e\u201c, isti\u010de se u pismu.<\/p>\n<p>Potpisnici\/ce pisma od Borda direktora Nove Pobjede zahtijevaju da im u roku od tri dana u pisanoj formi dostavi precizno obrazlo\u017eenje za\u0161to je smijenjen Dra\u0161ko \u0110uranovi\u0107, odgovor da li je Statut Nove Pobjede uskla\u0111en sa novim Zakonom o medijima i, ako jeste, da ga dostavi novinarima na uvid, izja\u0161njenje o dosada\u0161njoj ure\u0111iva\u010dkoj politici Pobjede, kao i plan i program rada novog izvr\u0161nog direktora i glavnog i odgovornog urednika.<\/p>\n<p>U protivnom, kako se navodi u pismu, potpisnici najavljuju \u0161trajk do ispunjenja zahtjeva, u koji \u0107e stupiti od \u010detvrtka.<\/p>\n<p>Pismo su potpisali:<\/p>\n<blockquote><p>Ka\u0107u\u0161a Krsmanovi\u0107<br \/>\nStevo Vasiljevi\u0107<br \/>\nDu\u0161ko Mihailovi\u0107<br \/>\nMarija \u017di\u017ei\u0107<br \/>\nAna Rai\u010dkovi\u0107<br \/>\nTanja Pavi\u0107evi\u0107<br \/>\nJasmina Beharovi\u0107-Milo\u0161evi\u0107<br \/>\nTamara Klikovac<br \/>\nAnja Ivanovi\u0107<br \/>\nIgor Peri\u0107<br \/>\nMarija Ivanovi\u0107-Niki\u010devi\u0107<br \/>\nJelena Martinovi\u0107<br \/>\nIvana Terzi\u0107<br \/>\nJovana \u0110uri\u0161i\u0107<br \/>\nBojan \u0110uri\u0161i\u0107<br \/>\nJovana Rai\u010devi\u0107<br \/>\nMilena Radonji\u0107<br \/>\nBojana Vu\u010dini\u0107<br \/>\n\u0110ur\u0111ica \u0106ori\u0107<br \/>\nAndrija Radovi\u0107<br \/>\nBojana Robovi\u0107<br \/>\nVioleta Mrdovi\u0107<br \/>\nIvana Bo\u017eovi\u0107<br \/>\nKristina Zdravkov<\/p><\/blockquote>\n<blockquote class=\"wp-embedded-content\" data-secret=\"8nVW5YIqjW\"><p><a href=\"https:\/\/www.pcnen.com\/portal\/2024\/07\/04\/djuranovic-smijenjen-sa-mjesta-direktora-pobjede\/\">\u0110uranovi\u0107 smijenjen sa mjesta direktora Pobjede<\/a><\/p><\/blockquote>\n<p><iframe loading=\"lazy\" class=\"wp-embedded-content\" sandbox=\"allow-scripts\" security=\"restricted\" style=\"position: absolute; clip: rect(1px, 1px, 1px, 1px);\" title=\"&#8220;\u0110uranovi\u0107 smijenjen sa mjesta direktora Pobjede&#8221; &#8212; PCNEN\" src=\"https:\/\/www.pcnen.com\/portal\/2024\/07\/04\/djuranovic-smijenjen-sa-mjesta-direktora-pobjede\/embed\/#?secret=35MzyNvdRJ#?secret=8nVW5YIqjW\" data-secret=\"8nVW5YIqjW\" width=\"600\" height=\"338\" frameborder=\"0\" marginwidth=\"0\" marginheight=\"0\" scrolling=\"no\"><\/iframe><\/p>\n","protected":false},"excerpt":{"rendered":"<p>Vi\u0161e od 20 novinara\/ki dnevnika Nove Pobjede se obratilo jutros novoformiranom Bordu direktora ovog mediija zahtijevaju\u0107i, izme\u0111u ostalog, uz najavu \u0161trajka, pisano obrazlo\u017eenje razloga za smjenu glavnog i odgovornog urednika Dra\u0161ka \u0110uranovi\u0107a, kao i plan i program rada novog izvr\u0161nog direktora i glavnog i odgovornog urednika Nenada Ze\u010devi\u0107<\/p>\n","protected":false},"author":1,"featured_media":406625,"comment_status":"open","ping_status":"closed","sticky":false,"template":"","format":"standard","meta":{"_seopress_robots_primary_cat":"none","_seopress_titles_title":"","_seopress_titles_desc":"","_seopress_robots_index":"","_et_pb_use_builder":"","_et_pb_old_content":"","_et_gb_content_width":"","inline_featured_image":false,"footnotes":""},"categories":[14],"tags":[],"class_list":["post-406622","post","type-post","status-publish","format-standard","has-post-thumbnail","hentry","category-vijesti"],"_links":{"self":[{"href":"https:\/\/www.pcnen.com\/portal\/wp-json\/wp\/v2\/posts\/406622","targetHints":{"allow":["GET"]}}],"collection":[{"href":"https:\/\/www.pcnen.com\/portal\/wp-json\/wp\/v2\/posts"}],"about":[{"href":"https:\/\/www.pcnen.com\/portal\/wp-json\/wp\/v2\/types\/post"}],"author":[{"embeddable":true,"href":"https:\/\/www.pcnen.com\/portal\/wp-json\/wp\/v2\/users\/1"}],"replies":[{"embeddable":true,"href":"https:\/\/www.pcnen.com\/portal\/wp-json\/wp\/v2\/comments?post=406622"}],"version-history":[{"count":1,"href":"https:\/\/www.pcnen.com\/portal\/wp-json\/wp\/v2\/posts\/406622\/revisions"}],"predecessor-version":[{"id":406626,"href":"https:\/\/www.pcnen.com\/portal\/wp-json\/wp\/v2\/posts\/406622\/revisions\/406626"}],"wp:featuredmedia":[{"embeddable":true,"href":"https:\/\/www.pcnen.com\/portal\/wp-json\/wp\/v2\/media\/406625"}],"wp:attachment":[{"href":"https:\/\/www.pcnen.com\/portal\/wp-json\/wp\/v2\/media?parent=406622"}],"wp:term":[{"taxonomy":"category","embeddable":true,"href":"https:\/\/www.pcnen.com\/portal\/wp-json\/wp\/v2\/categories?post=406622"},{"taxonomy":"post_tag","embeddable":true,"href":"https:\/\/www.pcnen.com\/portal\/wp-json\/wp\/v2\/tags?post=406622"}],"curies":[{"name":"wp","href":"https:\/\/api.w.org\/{rel}","templated":true}]}}