{"id":406614,"date":"2024-07-08T09:48:08","date_gmt":"2024-07-08T07:48:08","guid":{"rendered":"https:\/\/www.pcnen.com\/portal\/?p=406614"},"modified":"2024-07-08T09:48:08","modified_gmt":"2024-07-08T07:48:08","slug":"iz-nezuka-danas-krece-mars-mira-u-cast-zrtava-srebrenickog-genocida","status":"publish","type":"post","link":"https:\/\/www.pcnen.com\/portal\/2024\/07\/08\/iz-nezuka-danas-krece-mars-mira-u-cast-zrtava-srebrenickog-genocida\/","title":{"rendered":"Iz Nezuka danas kre\u0107e Mar\u0161 mira u \u010dast \u017ertava srebreni\u010dkog genocida"},"content":{"rendered":"<p>Iz Nezuka danas kre\u0107e kolona u\u010desnika ovogodi\u0161njeg &#8220;Mar\u0161a mira&#8221;, pje\u0161a\u010dkog pohoda u okviru obilje\u017eavanja 29. godi\u0161njice genocida u Srebrenici.<\/p>\n<p>U\u010desnici Mar\u0161a mira \u0107e se, javlja BHRT, u narednim danima kretati obrnutom rutom od one kojom su Srebreni\u010dani u ljeto 1995. godine poku\u0161avali do\u0107i do slobodne teritorije, u Tuzlu ili Kladanj.<\/p>\n<p>Pohod traje tri dana, a ruta od Nezuka do Poto\u010dara je duga blizu 100 kilometara.<\/p>\n<p>U Poto\u010dare bi trebali da stignu 10. jula, a dan kasnije prisustvova\u0107e kolektivnoj d\u017eenazi u mezarju Memorijalnog centra Srebrenica &#8211; Poto\u010dari na kojoj \u0107e ove godine biti ukopani posmrtni ostaci jo\u0161 14 \u017ertava genocida.<\/p>\n<p>&#8220;Mar\u0161 mira&#8221; je memorijalna manifestacija koja se odr\u017eava svake godine, u julu, povodom obilje\u017eavanja godi\u0161njice genocida nad Bo\u0161njacima &#8220;Sigurne zone Ujedinjenih nacija&#8221; u Srebrenici iz jula 1995. godine, a u program obilje\u017eavanja uvr\u0161ten je 2005. godine.<\/p>\n<p>Mar\u0161 ima za cilj i izgradnju, unapre\u0111enje i njegovanje kulture sje\u0107anja na genocid nad Bo\u0161njacima u Srebrenici te onemogu\u0107avanje negiranja, poricanja i relativiziranja zlo\u010dina genocida.<\/p>\n<p>U\u010desnici &#8220;Mar\u0161a mira&#8221; dnevno pje\u0161a\u010de oko 30 kilometara i na odre\u0111enim mjestima staza je izuzetno naporna, nepristupa\u010dna i zahtjeva solidnu fizi\u010dku spremnost u\u010desnika.<\/p>\n<p>Kolonu &#8220;Mar\u0161a mira&#8221; svake godine predvode veterani koji su uspjeli pre\u017eivjeti put smrti i genocid iz jula 1995. godine.<\/p>\n","protected":false},"excerpt":{"rendered":"<p>Iz Nezuka danas kre\u0107e kolona u\u010desnika ovogodi\u0161njeg &#8220;Mar\u0161a mira&#8221;, pje\u0161a\u010dkog pohoda u okviru obilje\u017eavanja 29. godi\u0161njice genocida u Srebrenici.<\/p>\n","protected":false},"author":1,"featured_media":349434,"comment_status":"open","ping_status":"closed","sticky":false,"template":"","format":"standard","meta":{"_seopress_robots_primary_cat":"none","_seopress_titles_title":"","_seopress_titles_desc":"","_seopress_robots_index":"","_et_pb_use_builder":"","_et_pb_old_content":"","_et_gb_content_width":"","inline_featured_image":false,"footnotes":""},"categories":[14],"tags":[],"class_list":["post-406614","post","type-post","status-publish","format-standard","has-post-thumbnail","hentry","category-vijesti"],"_links":{"self":[{"href":"https:\/\/www.pcnen.com\/portal\/wp-json\/wp\/v2\/posts\/406614","targetHints":{"allow":["GET"]}}],"collection":[{"href":"https:\/\/www.pcnen.com\/portal\/wp-json\/wp\/v2\/posts"}],"about":[{"href":"https:\/\/www.pcnen.com\/portal\/wp-json\/wp\/v2\/types\/post"}],"author":[{"embeddable":true,"href":"https:\/\/www.pcnen.com\/portal\/wp-json\/wp\/v2\/users\/1"}],"replies":[{"embeddable":true,"href":"https:\/\/www.pcnen.com\/portal\/wp-json\/wp\/v2\/comments?post=406614"}],"version-history":[{"count":1,"href":"https:\/\/www.pcnen.com\/portal\/wp-json\/wp\/v2\/posts\/406614\/revisions"}],"predecessor-version":[{"id":406617,"href":"https:\/\/www.pcnen.com\/portal\/wp-json\/wp\/v2\/posts\/406614\/revisions\/406617"}],"wp:featuredmedia":[{"embeddable":true,"href":"https:\/\/www.pcnen.com\/portal\/wp-json\/wp\/v2\/media\/349434"}],"wp:attachment":[{"href":"https:\/\/www.pcnen.com\/portal\/wp-json\/wp\/v2\/media?parent=406614"}],"wp:term":[{"taxonomy":"category","embeddable":true,"href":"https:\/\/www.pcnen.com\/portal\/wp-json\/wp\/v2\/categories?post=406614"},{"taxonomy":"post_tag","embeddable":true,"href":"https:\/\/www.pcnen.com\/portal\/wp-json\/wp\/v2\/tags?post=406614"}],"curies":[{"name":"wp","href":"https:\/\/api.w.org\/{rel}","templated":true}]}}