{"id":406599,"date":"2024-07-08T08:21:08","date_gmt":"2024-07-08T06:21:08","guid":{"rendered":"https:\/\/www.pcnen.com\/portal\/?p=406599"},"modified":"2024-07-08T08:21:08","modified_gmt":"2024-07-08T06:21:08","slug":"bivsi-radnici-kosute-i-danas-blokiraju-put-cetinje-podgorica","status":"publish","type":"post","link":"https:\/\/www.pcnen.com\/portal\/2024\/07\/08\/bivsi-radnici-kosute-i-danas-blokiraju-put-cetinje-podgorica\/","title":{"rendered":"Biv\u0161i radnici Ko\u0161ute i danas blokiraju put Cetinje-Podgorica"},"content":{"rendered":"<p>Radnici nekada\u0161nje Ko\u0161ute I danas \u0107e, na Kru\u0161evom \u017edrijelu, blokirati put Cetinje \u2013 Podgorica od 12 do 13 \u010dasova.<\/p>\n<p>Kako prenosi Cetinjski list, oni su se sredinom maja obratili ministarki rada i socijalnog staranja Naidi Ni\u0161i\u0107 sa zahtjevom da ih primi na sastanak.<\/p>\n<p>Odgovora jo\u0161 nema, iako je ministarka 10. maja na konferenciji za medije kazala da \u0107e Vlada uraditi \u0161to je u njenoj mo\u0107i kada je rije\u010d o biv\u0161im radnicima Ko\u0161ute.<\/p>\n<p><a href=\"https:\/\/www.pcnen.com\/portal\/?s=Ko%C5%A1ute\" target=\"_blank\" rel=\"noopener\">VEZANE VIJESTI<\/a><\/p>\n","protected":false},"excerpt":{"rendered":"<p>Radnici nekada\u0161nje Ko\u0161ute I danas \u0107e, na Kru\u0161evom \u017edrijelu, blokirati put Cetinje \u2013 Podgorica od 12 do 13 \u010dasova.<\/p>\n","protected":false},"author":1,"featured_media":396515,"comment_status":"open","ping_status":"closed","sticky":false,"template":"","format":"standard","meta":{"_seopress_robots_primary_cat":"none","_seopress_titles_title":"","_seopress_titles_desc":"","_seopress_robots_index":"","_et_pb_use_builder":"","_et_pb_old_content":"","_et_gb_content_width":"","inline_featured_image":false,"footnotes":""},"categories":[14],"tags":[],"class_list":["post-406599","post","type-post","status-publish","format-standard","has-post-thumbnail","hentry","category-vijesti"],"_links":{"self":[{"href":"https:\/\/www.pcnen.com\/portal\/wp-json\/wp\/v2\/posts\/406599","targetHints":{"allow":["GET"]}}],"collection":[{"href":"https:\/\/www.pcnen.com\/portal\/wp-json\/wp\/v2\/posts"}],"about":[{"href":"https:\/\/www.pcnen.com\/portal\/wp-json\/wp\/v2\/types\/post"}],"author":[{"embeddable":true,"href":"https:\/\/www.pcnen.com\/portal\/wp-json\/wp\/v2\/users\/1"}],"replies":[{"embeddable":true,"href":"https:\/\/www.pcnen.com\/portal\/wp-json\/wp\/v2\/comments?post=406599"}],"version-history":[{"count":1,"href":"https:\/\/www.pcnen.com\/portal\/wp-json\/wp\/v2\/posts\/406599\/revisions"}],"predecessor-version":[{"id":406602,"href":"https:\/\/www.pcnen.com\/portal\/wp-json\/wp\/v2\/posts\/406599\/revisions\/406602"}],"wp:featuredmedia":[{"embeddable":true,"href":"https:\/\/www.pcnen.com\/portal\/wp-json\/wp\/v2\/media\/396515"}],"wp:attachment":[{"href":"https:\/\/www.pcnen.com\/portal\/wp-json\/wp\/v2\/media?parent=406599"}],"wp:term":[{"taxonomy":"category","embeddable":true,"href":"https:\/\/www.pcnen.com\/portal\/wp-json\/wp\/v2\/categories?post=406599"},{"taxonomy":"post_tag","embeddable":true,"href":"https:\/\/www.pcnen.com\/portal\/wp-json\/wp\/v2\/tags?post=406599"}],"curies":[{"name":"wp","href":"https:\/\/api.w.org\/{rel}","templated":true}]}}