{"id":406515,"date":"2024-07-06T17:49:32","date_gmt":"2024-07-06T15:49:32","guid":{"rendered":"https:\/\/www.pcnen.com\/portal\/?p=406515"},"modified":"2024-07-06T17:49:32","modified_gmt":"2024-07-06T15:49:32","slug":"novi-britanski-premijer-pokopao-plan-o-slanju-migranata-u-ruandu","status":"publish","type":"post","link":"https:\/\/www.pcnen.com\/portal\/2024\/07\/06\/novi-britanski-premijer-pokopao-plan-o-slanju-migranata-u-ruandu\/","title":{"rendered":"Novi britanski premijer &#8216;pokopao&#8217; plan o slanju migranata u Ruandu"},"content":{"rendered":"<p>Novi britanski premijer Kir Starmer je rekao da je kontroverzna mjera o deportaciji migranata i tra\u017eitelja azila, koju je uvela pro\u0161la, konzervativna vlada, &#8220;mrtva i pokopana&#8221;, prenose online mediji.<\/p>\n<p>Konzervativci biv\u0161eg premijera Ri\u0161ija Sunaka su najavili slanje migranata i tra\u017eitelja azila u Ruandu u sklopu nekoliko miliona funti vrijednog plana.<\/p>\n<p>Sunak i njegovi ministri su objavili da \u0107e prve deportacije u tu afri\u010dku zemlju krenuti u julu.<\/p>\n<p>&nbsp;<\/p>\n","protected":false},"excerpt":{"rendered":"<p>Novi britanski premijer Kir Starmer je rekao da je kontroverzna mjera o deportaciji migranata i tra\u017eitelja azila, koju je uvela pro\u0161la, konzervativna vlada, &#8220;mrtva i pokopana&#8221;, prenose online mediji.<\/p>\n","protected":false},"author":1,"featured_media":406427,"comment_status":"open","ping_status":"closed","sticky":false,"template":"","format":"standard","meta":{"_seopress_robots_primary_cat":"none","_seopress_titles_title":"","_seopress_titles_desc":"","_seopress_robots_index":"","_et_pb_use_builder":"","_et_pb_old_content":"","_et_gb_content_width":"","inline_featured_image":false,"footnotes":""},"categories":[14],"tags":[],"class_list":["post-406515","post","type-post","status-publish","format-standard","has-post-thumbnail","hentry","category-vijesti"],"_links":{"self":[{"href":"https:\/\/www.pcnen.com\/portal\/wp-json\/wp\/v2\/posts\/406515","targetHints":{"allow":["GET"]}}],"collection":[{"href":"https:\/\/www.pcnen.com\/portal\/wp-json\/wp\/v2\/posts"}],"about":[{"href":"https:\/\/www.pcnen.com\/portal\/wp-json\/wp\/v2\/types\/post"}],"author":[{"embeddable":true,"href":"https:\/\/www.pcnen.com\/portal\/wp-json\/wp\/v2\/users\/1"}],"replies":[{"embeddable":true,"href":"https:\/\/www.pcnen.com\/portal\/wp-json\/wp\/v2\/comments?post=406515"}],"version-history":[{"count":1,"href":"https:\/\/www.pcnen.com\/portal\/wp-json\/wp\/v2\/posts\/406515\/revisions"}],"predecessor-version":[{"id":406518,"href":"https:\/\/www.pcnen.com\/portal\/wp-json\/wp\/v2\/posts\/406515\/revisions\/406518"}],"wp:featuredmedia":[{"embeddable":true,"href":"https:\/\/www.pcnen.com\/portal\/wp-json\/wp\/v2\/media\/406427"}],"wp:attachment":[{"href":"https:\/\/www.pcnen.com\/portal\/wp-json\/wp\/v2\/media?parent=406515"}],"wp:term":[{"taxonomy":"category","embeddable":true,"href":"https:\/\/www.pcnen.com\/portal\/wp-json\/wp\/v2\/categories?post=406515"},{"taxonomy":"post_tag","embeddable":true,"href":"https:\/\/www.pcnen.com\/portal\/wp-json\/wp\/v2\/tags?post=406515"}],"curies":[{"name":"wp","href":"https:\/\/api.w.org\/{rel}","templated":true}]}}