{"id":406501,"date":"2024-07-06T11:14:20","date_gmt":"2024-07-06T09:14:20","guid":{"rendered":"https:\/\/www.pcnen.com\/portal\/?p=406501"},"modified":"2024-07-06T11:25:37","modified_gmt":"2024-07-06T09:25:37","slug":"orban-umjesto-mira-na-dnevnom-redu-nato-a-je-teznja-ratu","status":"publish","type":"post","link":"https:\/\/www.pcnen.com\/portal\/2024\/07\/06\/orban-umjesto-mira-na-dnevnom-redu-nato-a-je-teznja-ratu\/","title":{"rendered":"Orban: Umjesto mira, na dnevnom redu NATO-a je te\u017enja ratu"},"content":{"rendered":"<p>Priprema NATO-a za operaciju u Ukrajini u suprotnosti je sa odbrambenom prirodom organizacije i prijeti joj samoubistvom, pi\u0161e ma\u0111arski premijer Viktor Orban u \u010dlanku za Njuzvik, prenosi Sputnjik.<\/p>\n<p>\u201eNATO se pribli\u017eava prekretnici. Treba se sjetiti da je najuspje\u0161niji vojni savez u istoriji osnovan kao mirni projekat i njegov buduc\u0301i uspjeh zavisi od njegove sposobnosti da sa\u010duva mir. Me\u0111utim, danas je umjesto mira na dnevnom redu te\u017enja ka ratu, a umjesto odbrane \u2013 napad. Sve to protivrje\u010di glavnim vrijednostima NATO\u201c, pi\u0161e Orban povodom predstojec\u0301eg samita NATO u Va\u0161ingtonu.<\/p>\n<p>Kada je rije\u010d o buduc\u0301nosti Alijanse, Ma\u0111arska \u201ese ne sla\u017ee u potpunosti sa vec\u0301inom zemalja \u010dlanica\u201c koje smatraju da je sukob sa drugim geopoliti\u010dkim silama neizbje\u017ean.<\/p>\n<p>\u201eDanas sve vec\u0301i broj glasova unutar NATO govori u korist potrebe ili \u010dak neizbje\u017enosti vojne konfrontacije sa drugim svjetskim geopoliti\u010dkim silama. Ta ideja o neizbje\u017enoj konfrontaciji je kao samoispunjavajuc\u0301e proro\u010danstvo. \u0160to vi\u0161e lideri NATO vjeruju u to da je sukob neizbje\u017ean, to c\u0301e vec\u0301u ulogu igrati u njegovom pokretanju\u201c, upozorio je Orban.<\/p>\n<p>Kako je objasnio, to sada postaje sve o\u010diglednije zbog vijesti da su po\u010dele pripreme za moguc\u0301u operaciju NATO u Ukrajini, te da se trupe zemalja Alijanse vec\u0301 nalaze u blizini ukrajinskog fronta.<\/p>\n","protected":false},"excerpt":{"rendered":"<p>Priprema NATO-a za operaciju u Ukrajini u suprotnosti je sa odbrambenom prirodom organizacije i prijeti joj samoubistvom, pi\u0161e ma\u0111arski premijer Viktor Orban u \u010dlanku za Njuzvik<\/p>\n","protected":false},"author":1,"featured_media":342571,"comment_status":"open","ping_status":"closed","sticky":false,"template":"","format":"standard","meta":{"_seopress_robots_primary_cat":"none","_seopress_titles_title":"","_seopress_titles_desc":"","_seopress_robots_index":"","_et_pb_use_builder":"","_et_pb_old_content":"","_et_gb_content_width":"","inline_featured_image":false,"footnotes":""},"categories":[14],"tags":[],"class_list":["post-406501","post","type-post","status-publish","format-standard","has-post-thumbnail","hentry","category-vijesti"],"_links":{"self":[{"href":"https:\/\/www.pcnen.com\/portal\/wp-json\/wp\/v2\/posts\/406501","targetHints":{"allow":["GET"]}}],"collection":[{"href":"https:\/\/www.pcnen.com\/portal\/wp-json\/wp\/v2\/posts"}],"about":[{"href":"https:\/\/www.pcnen.com\/portal\/wp-json\/wp\/v2\/types\/post"}],"author":[{"embeddable":true,"href":"https:\/\/www.pcnen.com\/portal\/wp-json\/wp\/v2\/users\/1"}],"replies":[{"embeddable":true,"href":"https:\/\/www.pcnen.com\/portal\/wp-json\/wp\/v2\/comments?post=406501"}],"version-history":[{"count":2,"href":"https:\/\/www.pcnen.com\/portal\/wp-json\/wp\/v2\/posts\/406501\/revisions"}],"predecessor-version":[{"id":406505,"href":"https:\/\/www.pcnen.com\/portal\/wp-json\/wp\/v2\/posts\/406501\/revisions\/406505"}],"wp:featuredmedia":[{"embeddable":true,"href":"https:\/\/www.pcnen.com\/portal\/wp-json\/wp\/v2\/media\/342571"}],"wp:attachment":[{"href":"https:\/\/www.pcnen.com\/portal\/wp-json\/wp\/v2\/media?parent=406501"}],"wp:term":[{"taxonomy":"category","embeddable":true,"href":"https:\/\/www.pcnen.com\/portal\/wp-json\/wp\/v2\/categories?post=406501"},{"taxonomy":"post_tag","embeddable":true,"href":"https:\/\/www.pcnen.com\/portal\/wp-json\/wp\/v2\/tags?post=406501"}],"curies":[{"name":"wp","href":"https:\/\/api.w.org\/{rel}","templated":true}]}}