{"id":406464,"date":"2024-07-05T22:01:41","date_gmt":"2024-07-05T20:01:41","guid":{"rendered":"https:\/\/www.pcnen.com\/portal\/?p=406464"},"modified":"2024-07-05T22:01:57","modified_gmt":"2024-07-05T20:01:57","slug":"orban-odgovorio-borelju-birokratske-besmislice-brisela-nisu-donijele-mir-u-ukrajini","status":"publish","type":"post","link":"https:\/\/www.pcnen.com\/portal\/2024\/07\/05\/orban-odgovorio-borelju-birokratske-besmislice-brisela-nisu-donijele-mir-u-ukrajini\/","title":{"rendered":"Orban odgovorio Borelju: Birokratske besmislice Brisela nisu donijele mir u Ukrajini"},"content":{"rendered":"<p>Premijer Ma\u0111arske Viktor Orban je poru\u010dio ve\u010deras da &#8220;upravo briselske birokratske besmislice nisu donijele nikakav rezultat u uspostavljanju mira u rusko-ukrajinskom ratu&#8221;, prenosi Tanjug.<\/p>\n<p>&#8220;Ukoliko \u017eelimo da okon\u010damo rat, potreban nam je politi\u010dki pristup, umjesto birokratskog&#8221;, naveo je Orban na platformi X, komentari\u0161u\u0107i tvit \u0161efa diplomatije Evropske unije \u017dozepa Borelja.<\/p>\n<p>Borelj je, prethodno, na platformi X, napisao da posjeta Orbana Moskvi potpada isklju\u010divo pod bilateralne odnose izme\u0111u Ma\u0111arske i Rusije.<\/p>\n<blockquote class=\"wp-embedded-content\" data-secret=\"oATHYO9VDr\"><p><a href=\"https:\/\/www.pcnen.com\/portal\/2024\/07\/05\/borelj-orban-nije-dobio-nas-mandat-za-posjetu-moskvi\/\">Borelj: Orban nije dobio na\u0161 mandat za posjetu Moskvi<\/a><\/p><\/blockquote>\n<p><iframe loading=\"lazy\" class=\"wp-embedded-content\" sandbox=\"allow-scripts\" security=\"restricted\" style=\"position: absolute; clip: rect(1px, 1px, 1px, 1px);\" title=\"&#8220;Borelj: Orban nije dobio na\u0161 mandat za posjetu Moskvi&#8221; &#8212; PCNEN\" src=\"https:\/\/www.pcnen.com\/portal\/2024\/07\/05\/borelj-orban-nije-dobio-nas-mandat-za-posjetu-moskvi\/embed\/#?secret=MtenIaEuzV#?secret=oATHYO9VDr\" data-secret=\"oATHYO9VDr\" width=\"600\" height=\"338\" frameborder=\"0\" marginwidth=\"0\" marginheight=\"0\" scrolling=\"no\"><\/iframe><\/p>\n","protected":false},"excerpt":{"rendered":"<p>&#8220;Ukoliko \u017eelimo da okon\u010damo rat, potreban nam je politi\u010dki pristup, umjesto birokratskog&#8221;, naveo je Orban na platformi X, komentari\u0161u\u0107i tvit \u0161efa diplomatije Evropske unije \u017dozepa Borelja<\/p>\n","protected":false},"author":1,"featured_media":284275,"comment_status":"open","ping_status":"closed","sticky":false,"template":"","format":"standard","meta":{"_seopress_robots_primary_cat":"none","_seopress_titles_title":"","_seopress_titles_desc":"","_seopress_robots_index":"","_et_pb_use_builder":"","_et_pb_old_content":"","_et_gb_content_width":"","inline_featured_image":false,"footnotes":""},"categories":[14],"tags":[],"class_list":["post-406464","post","type-post","status-publish","format-standard","has-post-thumbnail","hentry","category-vijesti"],"_links":{"self":[{"href":"https:\/\/www.pcnen.com\/portal\/wp-json\/wp\/v2\/posts\/406464","targetHints":{"allow":["GET"]}}],"collection":[{"href":"https:\/\/www.pcnen.com\/portal\/wp-json\/wp\/v2\/posts"}],"about":[{"href":"https:\/\/www.pcnen.com\/portal\/wp-json\/wp\/v2\/types\/post"}],"author":[{"embeddable":true,"href":"https:\/\/www.pcnen.com\/portal\/wp-json\/wp\/v2\/users\/1"}],"replies":[{"embeddable":true,"href":"https:\/\/www.pcnen.com\/portal\/wp-json\/wp\/v2\/comments?post=406464"}],"version-history":[{"count":2,"href":"https:\/\/www.pcnen.com\/portal\/wp-json\/wp\/v2\/posts\/406464\/revisions"}],"predecessor-version":[{"id":406468,"href":"https:\/\/www.pcnen.com\/portal\/wp-json\/wp\/v2\/posts\/406464\/revisions\/406468"}],"wp:featuredmedia":[{"embeddable":true,"href":"https:\/\/www.pcnen.com\/portal\/wp-json\/wp\/v2\/media\/284275"}],"wp:attachment":[{"href":"https:\/\/www.pcnen.com\/portal\/wp-json\/wp\/v2\/media?parent=406464"}],"wp:term":[{"taxonomy":"category","embeddable":true,"href":"https:\/\/www.pcnen.com\/portal\/wp-json\/wp\/v2\/categories?post=406464"},{"taxonomy":"post_tag","embeddable":true,"href":"https:\/\/www.pcnen.com\/portal\/wp-json\/wp\/v2\/tags?post=406464"}],"curies":[{"name":"wp","href":"https:\/\/api.w.org\/{rel}","templated":true}]}}