{"id":406460,"date":"2024-07-05T21:46:57","date_gmt":"2024-07-05T19:46:57","guid":{"rendered":"https:\/\/www.pcnen.com\/portal\/?p=406460"},"modified":"2024-07-05T21:46:57","modified_gmt":"2024-07-05T19:46:57","slug":"up-procesuirana-osoba-zbog-ugrozavanja-sigurnosti-clanova-redakcije-tv-e","status":"publish","type":"post","link":"https:\/\/www.pcnen.com\/portal\/2024\/07\/05\/up-procesuirana-osoba-zbog-ugrozavanja-sigurnosti-clanova-redakcije-tv-e\/","title":{"rendered":"UP: Procesuirana osoba zbog ugro\u017eavanja sigurnosti \u010dlanova redakcije TV &#8216;E&#8217;"},"content":{"rendered":"<p>Uprava policije je saop\u0161tila da je Osnovnom dr\u017eavnom tu\u017eila\u0161tvu u Baru podnesena kriiv\u010dnu prijavu protiv T.M. (49) zbog sumnje da je izvr\u0161io krivi\u010dno djelo ugro\u017eavanje sigurnosti \u010dlanovima redakcije komercijalnog kablovskog kanala Televizije &#8216;E&#8217;.<\/p>\n<p>Krivi\u010dno djelo je se ogleda u postavljanju kometare prijete\u0107eg sadr\u017eaja na jednoj dru\u0161tvenoj mre\u017ei &#8220;koji su izazvali strah za sopstveni \u017eivot \u010dlanova redakcije komercijalnog kablovskog kanala Televizije E\u201d.<\/p>\n","protected":false},"excerpt":{"rendered":"<p>Uprava policije je saop\u0161tila da je Osnovnom dr\u017eavnom tu\u017eila\u0161tvu u Baru podnesena kriiv\u010dnu prijavu protiv T.M. (49) zbog sumnje da je izvr\u0161io krivi\u010dno djelo ugro\u017eavanje sigurnosti \u010dlanovima redakcije komercijalnog kablovskog kanala Televizije &#8216;E&#8217;.<\/p>\n","protected":false},"author":1,"featured_media":312499,"comment_status":"open","ping_status":"closed","sticky":false,"template":"","format":"standard","meta":{"_seopress_robots_primary_cat":"none","_seopress_titles_title":"","_seopress_titles_desc":"","_seopress_robots_index":"","_et_pb_use_builder":"","_et_pb_old_content":"","_et_gb_content_width":"","inline_featured_image":false,"footnotes":""},"categories":[14],"tags":[],"class_list":["post-406460","post","type-post","status-publish","format-standard","has-post-thumbnail","hentry","category-vijesti"],"_links":{"self":[{"href":"https:\/\/www.pcnen.com\/portal\/wp-json\/wp\/v2\/posts\/406460","targetHints":{"allow":["GET"]}}],"collection":[{"href":"https:\/\/www.pcnen.com\/portal\/wp-json\/wp\/v2\/posts"}],"about":[{"href":"https:\/\/www.pcnen.com\/portal\/wp-json\/wp\/v2\/types\/post"}],"author":[{"embeddable":true,"href":"https:\/\/www.pcnen.com\/portal\/wp-json\/wp\/v2\/users\/1"}],"replies":[{"embeddable":true,"href":"https:\/\/www.pcnen.com\/portal\/wp-json\/wp\/v2\/comments?post=406460"}],"version-history":[{"count":1,"href":"https:\/\/www.pcnen.com\/portal\/wp-json\/wp\/v2\/posts\/406460\/revisions"}],"predecessor-version":[{"id":406463,"href":"https:\/\/www.pcnen.com\/portal\/wp-json\/wp\/v2\/posts\/406460\/revisions\/406463"}],"wp:featuredmedia":[{"embeddable":true,"href":"https:\/\/www.pcnen.com\/portal\/wp-json\/wp\/v2\/media\/312499"}],"wp:attachment":[{"href":"https:\/\/www.pcnen.com\/portal\/wp-json\/wp\/v2\/media?parent=406460"}],"wp:term":[{"taxonomy":"category","embeddable":true,"href":"https:\/\/www.pcnen.com\/portal\/wp-json\/wp\/v2\/categories?post=406460"},{"taxonomy":"post_tag","embeddable":true,"href":"https:\/\/www.pcnen.com\/portal\/wp-json\/wp\/v2\/tags?post=406460"}],"curies":[{"name":"wp","href":"https:\/\/api.w.org\/{rel}","templated":true}]}}