{"id":406452,"date":"2024-07-05T20:52:23","date_gmt":"2024-07-05T18:52:23","guid":{"rendered":"https:\/\/www.pcnen.com\/portal\/?p=406452"},"modified":"2024-07-05T20:52:23","modified_gmt":"2024-07-05T18:52:23","slug":"nastavljeno-sudjenje-slobodanu-pekovicu-za-ratni-zlocin-u-bih","status":"publish","type":"post","link":"https:\/\/www.pcnen.com\/portal\/2024\/07\/05\/nastavljeno-sudjenje-slobodanu-pekovicu-za-ratni-zlocin-u-bih\/","title":{"rendered":"Nastavljeno su\u0111enje Slobodanu Pekovi\u0107u za ratni zlo\u010din u BiH"},"content":{"rendered":"<blockquote><p><strong>Javlja: Akcija za ljudska prava<\/strong><\/p><\/blockquote>\n<p>Danas je nastavljeno su\u0111enje Slobodanu Pekovi\u0107u, crnogorskom dr\u017eavljaninu optu\u017eenom za ratni zlo\u010din protiv civilnog stanovni\u0161tva u Bosni i Hercegovini. Pekovi\u0107 se tereti da je kao vojnik Vojske Republike Srpske ubio dvije osobe i silovao \u017eenu bo\u0161nja\u010dke nacionalnosti u Fo\u010di 1992. godine.<\/p>\n<p>Ovo je trenutno jedino su\u0111enje za ratni zlo\u010din u Crnoj Gori.<\/p>\n<p>Sud je danas saslu\u0161ao vje\u0161taka sudske medicine, dr Nemanju Radojevi\u0107a, koji je vje\u0161ta\u010dio antropolo\u0161ke karakteristike okrivljenog Pekovi\u0107a.<\/p>\n<p>Vje\u0161tak je naveo da se boja kose nije mogla zna\u010dajno mijenjati od 1992. godine do danas, osim ako je farbana. Me\u0111utim, vje\u0161tak se na tu okolnost nije mogao precizno izjasniti jer je izvr\u0161io samo vizuelni pregled, dok se jedino hemijskom analizom mo\u017ee utvrditi je li kosa farbana. Okrivljeni je ranije opisan kao osoba sa plavom kosom, dok sada ima sme\u0111u kosu koja prelazi u crnu. Utvr\u0111eno je da mu je boja o\u010diju zelena, da pri bli\u017eem pogledu djeluje plavo, \u0161to odgovara ranijem opisu da su mu o\u010di svijetle.<\/p>\n<p>Na prethodnom ro\u010di\u0161tu, zbog neujedna\u010denih izjava svjedoka o fizi\u010dkom izgledu okrivljenog, sud je nalo\u017eio njegovo antropolo\u0161ko vje\u0161ta\u010denje u cilju preciziranja prirodne boje o\u010diju i visine.<\/p>\n<p>Na dana\u0161njem ro\u010di\u0161tu nisu saslu\u0161ani ranije predlo\u017eeni svjedoci jer zamolnica suda iz Crne Gore nije stigla u sud BiH, iako je sud poslao putem me\u0111unarodne pomo\u0107i i putem INTERPOLA.<\/p>\n<p>Advokat Pantovi\u0107 je ponovo zahtjevao i ukidanje pritvora okrivljenom zbog njegovog lo\u0161eg zdravstvenog stanja. Predlog advokata je odbijen jer je Vije\u0107e danas donijelo odluku o produ\u017eenju pritvora.<\/p>\n<p>Sutkinja Rabrenovi\u0107 nastoji da su\u0111enje okon\u010da do 21.10.2024. kada isti\u010du tri godine od kako je okrivljeni u pritvoru. Naredna ro\u010di\u0161ta zakazana su za 10. i 27. septembar i 8. oktobar 2024. godine.<\/p>\n<p>Advokat Dalibor Tomovi\u0107 o\u0161te\u0107enu zastupa u okviru projekta Akcije za ljudska prava koji je dio regionalnog projekta \u201ePodr\u0161ka Evropske unije izgradnji povjerenja na Zapadnom Balkanu\u201d koji finansira Evropska unija a sprovodi Program Ujedinjenih nacija za razvoj (UNDP).<\/p>\n","protected":false},"excerpt":{"rendered":"<p>Danas je nastavljeno su\u0111enje Slobodanu Pekovi\u0107u, crnogorskom dr\u017eavljaninu optu\u017eenom za ratni zlo\u010din protiv civilnog stanovni\u0161tva u Bosni i Hercegovini. Pekovi\u0107 se tereti da je kao vojnik Vojske Republike Srpske ubio dvije osobe i silovao \u017eenu bo\u0161nja\u010dke nacionalnosti u Fo\u010di 1992. <\/p>\n","protected":false},"author":1,"featured_media":284302,"comment_status":"open","ping_status":"closed","sticky":false,"template":"","format":"standard","meta":{"_seopress_robots_primary_cat":"none","_seopress_titles_title":"","_seopress_titles_desc":"","_seopress_robots_index":"","_et_pb_use_builder":"","_et_pb_old_content":"","_et_gb_content_width":"","inline_featured_image":false,"footnotes":""},"categories":[10,14],"tags":[],"class_list":["post-406452","post","type-post","status-publish","format-standard","has-post-thumbnail","hentry","category-cuj-vidji-javi","category-vijesti"],"_links":{"self":[{"href":"https:\/\/www.pcnen.com\/portal\/wp-json\/wp\/v2\/posts\/406452","targetHints":{"allow":["GET"]}}],"collection":[{"href":"https:\/\/www.pcnen.com\/portal\/wp-json\/wp\/v2\/posts"}],"about":[{"href":"https:\/\/www.pcnen.com\/portal\/wp-json\/wp\/v2\/types\/post"}],"author":[{"embeddable":true,"href":"https:\/\/www.pcnen.com\/portal\/wp-json\/wp\/v2\/users\/1"}],"replies":[{"embeddable":true,"href":"https:\/\/www.pcnen.com\/portal\/wp-json\/wp\/v2\/comments?post=406452"}],"version-history":[{"count":1,"href":"https:\/\/www.pcnen.com\/portal\/wp-json\/wp\/v2\/posts\/406452\/revisions"}],"predecessor-version":[{"id":406455,"href":"https:\/\/www.pcnen.com\/portal\/wp-json\/wp\/v2\/posts\/406452\/revisions\/406455"}],"wp:featuredmedia":[{"embeddable":true,"href":"https:\/\/www.pcnen.com\/portal\/wp-json\/wp\/v2\/media\/284302"}],"wp:attachment":[{"href":"https:\/\/www.pcnen.com\/portal\/wp-json\/wp\/v2\/media?parent=406452"}],"wp:term":[{"taxonomy":"category","embeddable":true,"href":"https:\/\/www.pcnen.com\/portal\/wp-json\/wp\/v2\/categories?post=406452"},{"taxonomy":"post_tag","embeddable":true,"href":"https:\/\/www.pcnen.com\/portal\/wp-json\/wp\/v2\/tags?post=406452"}],"curies":[{"name":"wp","href":"https:\/\/api.w.org\/{rel}","templated":true}]}}