{"id":406433,"date":"2024-07-05T18:47:10","date_gmt":"2024-07-05T16:47:10","guid":{"rendered":"https:\/\/www.pcnen.com\/portal\/?p=406433"},"modified":"2024-07-05T18:47:10","modified_gmt":"2024-07-05T16:47:10","slug":"cetiri-pitanja-za-vucica-prikopcanog-na-poligraf","status":"publish","type":"post","link":"https:\/\/www.pcnen.com\/portal\/2024\/07\/05\/cetiri-pitanja-za-vucica-prikopcanog-na-poligraf\/","title":{"rendered":"\u010cetiri pitanja za Vu\u010di\u0107a prikop\u010danog na poligraf"},"content":{"rendered":"<p>Predsjednik Srbije Aleksandar Vu\u010di\u0107 je kazao da je spreman da zajedno s ekolo\u0161kim aktivistima odgovara na poligrafska pitanja da li je i ko primio novac od kompanije Rio Tinto a advokat Nikola Laki\u0107 sugeri\u0161e koja bi pitanja Vu\u010di\u010du trebalo postaviti.<\/p>\n<p>Advokat je danas kazao agenciji Beta da ako je predsjednik dr\u017eave Aleksandar Vu\u010di\u0107 spreman da pred kamerama TV N1 poka\u017ee svoje pravo lice tako \u0161to \u0107e prikop\u010dan na poligraf da odgovara na pitanja, ne bi trebalo propustiti priliku i postaviti nekoliko pitanja koja bi razotkrila su\u0161tinu njegove vlasti i djelovanja da iskopavanjem litijuma uni\u0161ti Srbiju.<\/p>\n<p>On predla\u017ee da predsjednik Vu\u010di\u0107 na poligrafu prvo odgovori na pitanje: \u201eDa li imate suicidne misli?\u201c.<\/p>\n<p>\u201eOvo je bitno pitanje jer bi na ovom pitanju bilo ocenjeno psihi\u010dko stanje predsednika, ali i u mnogome odredilo dalji tok poligrafskog ispitivanja, a pogotovo ako znamo \u010dinjenicu da je predsednik dr\u017eave vi\u0161e puta javno govorio kako planira da se obesi o luster, banderu\u2026\u201c, rekao je advokat.<\/p>\n<p>Prema Laki\u0107u, drugo poligrafsko pitanje za predsjednika Vu\u010di\u0107a trebalo bi da glasi: \u201eDa li ste ucenjeni od strane neke slu\u017ebe, lica ili dr\u017eave?\u201c.<\/p>\n<p>\u201eOdgovor na ovo pitanje interesuje mnoge, jer iz pona\u0161anja predsednika dr\u017eave i toga kako je mnogim stranim kompanijama i dr\u017eavama omogu\u0107io da ostvaruju svoje interese na u\u0161trb interesa dr\u017eave i gra\u0111ana Srbije jasno govori da se radi o osobi koja ne razlikuje dobro od zla ili o osobi koja je svojim nepo\u010dinstvima ucenjena. Odgovor na ovo pitanje jeste su\u0161tina njegovog delovanja u \u017eelji da omogu\u0107i rudarenje i zatruje Srbiju\u201c, kazao je Laki\u0107.<\/p>\n<p>Tre\u0107e poligrafsko pitanje, predla\u017ee advokat, trebalo bi da bude: \u201eDa li poznajete osobu koja je od kompanije Rio Tinto uzela mito kako bi omogu\u0107ila iskopavanje litijuma?\u201c.<\/p>\n<p>\u201eNa ovo pitanje morao bi da odgovori predsednik iz razloga \u0161to je u javnosti prisutno da je Rio Tinto ne samo u Srbiji ve\u0107 \u0161irom sveta korupcijom dolazio do potrebnih dozvola koje su neophodne kako bi se vr\u0161ilo rudarenje. Tako\u0111e i sam predsednik je pominjao da je odre\u0111ena suma novca zavr\u0161ila kod nekih osoba kako bi se omogu\u0107ilo rudarenje u Srbiji\u201c, objasnio je on.<\/p>\n<p>\u010cetvrto pitanje Vu\u010di\u0107u, navodi Laki\u0107, trebalo bi da glasi: \u201eDa li ste vi ili osobe koje vi poznajete uticali da institucije donose odluke koje Rio Tintu omogu\u0107avaju nezakonito delovanje?\u201c.<\/p>\n<p>\u201eSvedoci smo da Rio Tinto i danas u Srbiji nezakonito deluje na mnogim poljima, da ta kompanija vr\u0161i iskopavanja, odla\u017ee otpad, vr\u0161i nedozvoljeni pritisak na gra\u0111ane, podmi\u0107uje i radi mnoge druge nezakonite stvari kako bi ostvarila ciljeve. Te njihove kriminalne radnje ostaju neka\u017enjenje samo zato \u0161to imaju podr\u0161ku re\u017eima Aleksandra Vu\u010di\u0107a i iz tog razloga veoma je bitno kako bi predsednik dr\u017eave odgovorio na ovo pitanje\u201c, kazao je Laki\u0107.<\/p>\n<p>Neizostavno poligrafsko pitanje Vu\u010di\u0107u, ka\u017ee Laki\u0107, moralo bi da bude: \u201eDa li vam je Srbija na prvom mestu?\u201c.<\/p>\n<p>\u201eVi\u0161e puta je u javnim nastupima ponovio da je njemu Srbija na prvom mestu, ali vi\u0161e puta je pokazao svojim delovanjem da iznad Srbije on stavlja dosta toga. Ako je nekom Srbija na prvom mestu onda i svojim delovanjem to pokazuje, pa bi odgovorom na ovo pitanje predsednik dr\u017eave mogao da nas dovede kasnije i do toga \u0161ta je njemu zaista na prvom mestu\u201c, objasnio je Laki\u0107.<\/p>\n","protected":false},"excerpt":{"rendered":"<p>Predsjednik Srbije Aleksandar Vu\u010di\u0107 je kazao da je spreman da zajedno s ekolo\u0161kim aktivistima odgovara na poligrafska pitanja da li je i ko primio novac od kompanije Rio Tinto a advokat Nikola Laki\u0107 sugeri\u0161e koja bi pitanja Vu\u010di\u010du trebalo postaviti<\/p>\n","protected":false},"author":1,"featured_media":373607,"comment_status":"open","ping_status":"closed","sticky":false,"template":"","format":"standard","meta":{"_seopress_robots_primary_cat":"none","_seopress_titles_title":"","_seopress_titles_desc":"","_seopress_robots_index":"","_et_pb_use_builder":"","_et_pb_old_content":"","_et_gb_content_width":"","inline_featured_image":false,"footnotes":""},"categories":[14],"tags":[],"class_list":["post-406433","post","type-post","status-publish","format-standard","has-post-thumbnail","hentry","category-vijesti"],"_links":{"self":[{"href":"https:\/\/www.pcnen.com\/portal\/wp-json\/wp\/v2\/posts\/406433","targetHints":{"allow":["GET"]}}],"collection":[{"href":"https:\/\/www.pcnen.com\/portal\/wp-json\/wp\/v2\/posts"}],"about":[{"href":"https:\/\/www.pcnen.com\/portal\/wp-json\/wp\/v2\/types\/post"}],"author":[{"embeddable":true,"href":"https:\/\/www.pcnen.com\/portal\/wp-json\/wp\/v2\/users\/1"}],"replies":[{"embeddable":true,"href":"https:\/\/www.pcnen.com\/portal\/wp-json\/wp\/v2\/comments?post=406433"}],"version-history":[{"count":1,"href":"https:\/\/www.pcnen.com\/portal\/wp-json\/wp\/v2\/posts\/406433\/revisions"}],"predecessor-version":[{"id":406437,"href":"https:\/\/www.pcnen.com\/portal\/wp-json\/wp\/v2\/posts\/406433\/revisions\/406437"}],"wp:featuredmedia":[{"embeddable":true,"href":"https:\/\/www.pcnen.com\/portal\/wp-json\/wp\/v2\/media\/373607"}],"wp:attachment":[{"href":"https:\/\/www.pcnen.com\/portal\/wp-json\/wp\/v2\/media?parent=406433"}],"wp:term":[{"taxonomy":"category","embeddable":true,"href":"https:\/\/www.pcnen.com\/portal\/wp-json\/wp\/v2\/categories?post=406433"},{"taxonomy":"post_tag","embeddable":true,"href":"https:\/\/www.pcnen.com\/portal\/wp-json\/wp\/v2\/tags?post=406433"}],"curies":[{"name":"wp","href":"https:\/\/api.w.org\/{rel}","templated":true}]}}