{"id":406429,"date":"2024-07-05T16:49:09","date_gmt":"2024-07-05T14:49:09","guid":{"rendered":"https:\/\/www.pcnen.com\/portal\/?p=406429"},"modified":"2024-07-05T16:49:09","modified_gmt":"2024-07-05T14:49:09","slug":"borelj-orban-nije-dobio-nas-mandat-za-posjetu-moskvi","status":"publish","type":"post","link":"https:\/\/www.pcnen.com\/portal\/2024\/07\/05\/borelj-orban-nije-dobio-nas-mandat-za-posjetu-moskvi\/","title":{"rendered":"Borelj: Orban nije dobio na\u0161 mandat za posjetu Moskvi"},"content":{"rendered":"<p>Visoki predstavnik EU za spoljnju i bezbjednosnu politiku \u017dozep Borelj oglasio se povodom informacija da je ma\u0111arski premijer Viktor Orban otputovao u Moskvu na sastanak s predsjednikom Vladimirom Putinom, istakav\u0161i da on ne predstavlja EU, nego da je rije\u010d isklju\u010divo o bilateralnom odnosu Rusije i Ma\u0111arske.<\/p>\n<p>&#8220;Posjeta premijera Viktora Orbana Moskvi doga\u0111a se isklju\u010divo u okviru bilateralnih odnosa izme\u0111u Ma\u0111arske i Rusije&#8221;, objavio je Borelj.<\/p>\n<p>Ma\u0111arska kao zemlja koja predsjedava do kraja ove godine, ne predstavlja EU u inostranstvu, \u0161to je isklju\u010diva nadle\u017enost predsjednika Savjeta EU kada je rije\u010d o nivou \u010delnika dr\u017eava ili vlada, te visokog predstavnika kada je rije\u010d o ministarskom nivou.<\/p>\n<p>&#8220;Premijer Orban nije dobio mandat Savjeta EU za posjet Moskvi. Pozicija EU o ruskom agresivnom ratu odr\u017eava se brojnim zaklju\u010dcima Savjeta EU. To stajali\u0161te isklju\u010duje bilateralne kontakte izme\u0111u EU i predsjednika Putina&#8221;, isti\u010de Borelj, prenosi Index.hr.<\/p>\n<p>On je dodao da Orban ni u kojem obliku ne predstavlja EU i podsje\u0107a da je Me\u0111unarodni krivi\u010dni sud podigao optu\u017enicu protiv Putina i izdao nalog za hap\u0161enje zbog njegove &#8220;uloge u prisilnoj deportaciji djece iz Ukrajine u Rusiju&#8221;.<\/p>\n","protected":false},"excerpt":{"rendered":"<p>Visoki predstavnik EU za spoljnju i bezbjednosnu politiku \u017dozep Borelj oglasio se povodom informacija da je ma\u0111arski premijer Viktor Orban otputovao u Moskvu na sastanak s predsjednikom Vladimirom Putinom, istakav\u0161i da on ne predstavlja EU, nego da je rije\u010d isklju\u010divo o bilateralnom odnosu Rusije i Ma\u0111arske.<\/p>\n","protected":false},"author":1,"featured_media":319239,"comment_status":"open","ping_status":"closed","sticky":false,"template":"","format":"standard","meta":{"_seopress_robots_primary_cat":"none","_seopress_titles_title":"","_seopress_titles_desc":"","_seopress_robots_index":"","_et_pb_use_builder":"","_et_pb_old_content":"","_et_gb_content_width":"","inline_featured_image":false,"footnotes":""},"categories":[14],"tags":[],"class_list":["post-406429","post","type-post","status-publish","format-standard","has-post-thumbnail","hentry","category-vijesti"],"_links":{"self":[{"href":"https:\/\/www.pcnen.com\/portal\/wp-json\/wp\/v2\/posts\/406429","targetHints":{"allow":["GET"]}}],"collection":[{"href":"https:\/\/www.pcnen.com\/portal\/wp-json\/wp\/v2\/posts"}],"about":[{"href":"https:\/\/www.pcnen.com\/portal\/wp-json\/wp\/v2\/types\/post"}],"author":[{"embeddable":true,"href":"https:\/\/www.pcnen.com\/portal\/wp-json\/wp\/v2\/users\/1"}],"replies":[{"embeddable":true,"href":"https:\/\/www.pcnen.com\/portal\/wp-json\/wp\/v2\/comments?post=406429"}],"version-history":[{"count":1,"href":"https:\/\/www.pcnen.com\/portal\/wp-json\/wp\/v2\/posts\/406429\/revisions"}],"predecessor-version":[{"id":406432,"href":"https:\/\/www.pcnen.com\/portal\/wp-json\/wp\/v2\/posts\/406429\/revisions\/406432"}],"wp:featuredmedia":[{"embeddable":true,"href":"https:\/\/www.pcnen.com\/portal\/wp-json\/wp\/v2\/media\/319239"}],"wp:attachment":[{"href":"https:\/\/www.pcnen.com\/portal\/wp-json\/wp\/v2\/media?parent=406429"}],"wp:term":[{"taxonomy":"category","embeddable":true,"href":"https:\/\/www.pcnen.com\/portal\/wp-json\/wp\/v2\/categories?post=406429"},{"taxonomy":"post_tag","embeddable":true,"href":"https:\/\/www.pcnen.com\/portal\/wp-json\/wp\/v2\/tags?post=406429"}],"curies":[{"name":"wp","href":"https:\/\/api.w.org\/{rel}","templated":true}]}}