{"id":406415,"date":"2024-07-05T13:17:25","date_gmt":"2024-07-05T11:17:25","guid":{"rendered":"https:\/\/www.pcnen.com\/portal\/?p=406415"},"modified":"2024-07-05T13:17:25","modified_gmt":"2024-07-05T11:17:25","slug":"vecina-lgbti-osoba-smatra-da-su-losi-zakoni-u-cg-koji-stite-od-diskriminacije-na-radnom-mjestu","status":"publish","type":"post","link":"https:\/\/www.pcnen.com\/portal\/2024\/07\/05\/vecina-lgbti-osoba-smatra-da-su-losi-zakoni-u-cg-koji-stite-od-diskriminacije-na-radnom-mjestu\/","title":{"rendered":"Ve\u0107ina LGBTI osoba smatra da su lo\u0161i zakoni u CG koji \u0161tite od diskriminacije na radnom mjestu"},"content":{"rendered":"<p>Ogromna ve\u0107ina LGBTI osoba smatra da bi na radnom mjestu imala problema zbog svoje seksualne orijentacije i\/ili rodnog identiteta, objavljeno je u publikaciji <a href=\"https:\/\/lgbtprogres.me\/publikacije\/diskriminacija-lgbti-osoba-na-radnom-mjestu-i-u-sferi-radnih-odnosa\/\" target=\"_blank\" rel=\"noopener\">&#8220;Diskriminacija LGBTI osoba na radnom mjestu i u sferi radnih odnosa&#8221;<\/a> koja se temelji na istra\u017eivanju sprovedenom putem on line upitnika.<\/p>\n<p>&#8220;Ve\u0107ina LGBTI osoba (64,5%) smatra da su zakoni koji \u0161tite od diskriminacije na radnom mjestu u Crnoj Gori lo\u0161i, dok njih 28,2% smatra da su zakoni dobri, ali da se lo\u0161e primjenjuju. Kona\u010dno, ogromna ve\u0107ina LGBTI osoba smatra da bi na radnom mjestu imala problema zbog svoje seksualne orijentacije i\/ili rodnog identiteta. Njih 98,1% smatra da bi imalo problema u napredovanju u karijeri, njih 89,5% smatra da bi imalo problema sa pove\u0107anjem plate, njih 91,3% smatra da bi imalo problema sa za\u0161titom od diskriminacije, njih 83,7% smatra da bi imalo problema sa profesionalnim usavr\u0161avanjem i njih 82,7% smatra da bi imalo problema u pristupu istim benefitima kao i svi drugi&#8221;, navedeno je u publikaciji.<\/p>\n<p>Pravo u\u010de\u0161\u0107a u istra\u017eivanju, odnosno ispunjavanja upitnika, imale su sve osobe koje \u017eive na teritoriji Crne Gore, starije od osamnaest godina (punoljetne), koje se identifikuju kao LGBTI. Forma online upitnika je bila takva da isti nije mogao biti zaklju\u010den od strane ispitanica\/ispitanika bez prethodnog davanja odgovora na sva obavezna pitanja, koja su bila ozna\u010dena zvjezdicom (*). Ovaj metod je osigurao nultu stopu nedovr\u0161enih upitnika. Ukupno je ispunjeno stotinu \u010detiri upitnika.<\/p>\n<p>Publikacija je ra\u0111ena u okviru projekta \u201eZajedno ka eliminaciji diskriminacije LGBTI osoba u pristupu radu i na radnom mjestu\u201c koji zajedni\u010dki realizuju LGBT Forum Progres i LGBTIQ Socijalni Centar, uz podr\u0161ku Ministarstva ljudskih i manjinskih prava Crne Gore.<\/p>\n","protected":false},"excerpt":{"rendered":"<p>Ogromna ve\u0107ina LGBTI osoba smatra da bi na radnom mjestu imala problema zbog svoje seksualne orijentacije i\/ili rodnog identiteta, objavljeno je u publikaciji &#8220;Diskriminacija LGBTI osoba na radnom mjestu i u sferi radnih odnosa&#8221; koja se temelji na istra\u017eivanju sprovedenom putem on line upitnika<\/p>\n","protected":false},"author":1,"featured_media":293438,"comment_status":"open","ping_status":"closed","sticky":false,"template":"","format":"standard","meta":{"_seopress_robots_primary_cat":"none","_seopress_titles_title":"","_seopress_titles_desc":"","_seopress_robots_index":"","_et_pb_use_builder":"","_et_pb_old_content":"","_et_gb_content_width":"","inline_featured_image":false,"footnotes":""},"categories":[14],"tags":[],"class_list":["post-406415","post","type-post","status-publish","format-standard","has-post-thumbnail","hentry","category-vijesti"],"_links":{"self":[{"href":"https:\/\/www.pcnen.com\/portal\/wp-json\/wp\/v2\/posts\/406415","targetHints":{"allow":["GET"]}}],"collection":[{"href":"https:\/\/www.pcnen.com\/portal\/wp-json\/wp\/v2\/posts"}],"about":[{"href":"https:\/\/www.pcnen.com\/portal\/wp-json\/wp\/v2\/types\/post"}],"author":[{"embeddable":true,"href":"https:\/\/www.pcnen.com\/portal\/wp-json\/wp\/v2\/users\/1"}],"replies":[{"embeddable":true,"href":"https:\/\/www.pcnen.com\/portal\/wp-json\/wp\/v2\/comments?post=406415"}],"version-history":[{"count":1,"href":"https:\/\/www.pcnen.com\/portal\/wp-json\/wp\/v2\/posts\/406415\/revisions"}],"predecessor-version":[{"id":406418,"href":"https:\/\/www.pcnen.com\/portal\/wp-json\/wp\/v2\/posts\/406415\/revisions\/406418"}],"wp:featuredmedia":[{"embeddable":true,"href":"https:\/\/www.pcnen.com\/portal\/wp-json\/wp\/v2\/media\/293438"}],"wp:attachment":[{"href":"https:\/\/www.pcnen.com\/portal\/wp-json\/wp\/v2\/media?parent=406415"}],"wp:term":[{"taxonomy":"category","embeddable":true,"href":"https:\/\/www.pcnen.com\/portal\/wp-json\/wp\/v2\/categories?post=406415"},{"taxonomy":"post_tag","embeddable":true,"href":"https:\/\/www.pcnen.com\/portal\/wp-json\/wp\/v2\/tags?post=406415"}],"curies":[{"name":"wp","href":"https:\/\/api.w.org\/{rel}","templated":true}]}}