{"id":40635,"date":"2011-01-04T23:38:08","date_gmt":"2011-01-04T23:38:08","guid":{"rendered":"http:\/\/www.pcnen.com\/portal\/?p=40635"},"modified":"2011-01-04T23:38:08","modified_gmt":"2011-01-04T23:38:08","slug":"peticija-protiv-martija","status":"publish","type":"post","link":"https:\/\/www.pcnen.com\/portal\/2011\/01\/04\/peticija-protiv-martija\/","title":{"rendered":"Peticija protiv Martija"},"content":{"rendered":"<p>Organizacije proiza&scaron;le iz Oslobodila\u010dke vojske Kosova, najavile su da \u0107e od sjutra organizovati potpisivanje &quot;nacionalne peticije&quot; protiv &quot;uvreda albanskog naroda, koje je naveo Dik Marti, izvjestilac Savjeta Evrope u izvje&scaron;taju o trgovini ljudskim organima nestalih kosovskih Srba&quot;.<\/p>\n<p>Sjutra, &nbsp;u svim albanskim zemaljama, kako u Albaniji i na Kosovu, isto\u010dnom Kosovu i Makedoniji, po\u010de\u0107e potpisivanje peticije protiv izve&scaron;taja Dika Martija, navedeno je u saop&scaron;tenju. <\/p>\n<p>Podr&scaron;ku za peticiju dobile su od politi\u010dkih stranaka, studentskih udru\u017eenja i civilnog dru&scaron;tva, prenosi <em>Tanjug<\/em>. <\/p>\n<p>&quot;Mi, uznemireni gra\u0111ani potpisujemo ovu peticiju kao odgovor na izvje&scaron;taj Dika Martija, kojim on poku&scaron;ava da ocrni naciju, na&scaron;e pravo i borbu za slobodu i nezavisnost od totalitarnog re\u017eima Srbije&quot;, navedeno je u tekstu peticije. <\/p>\n<p>Marti je u izvje&scaron;taju ozna\u010dio OVK i jednog od njenih vo\u0111a Ha&scaron;ima Ta\u010dija kao odgovorne za trgovinu ljudskim organima zarobljenih Srba. <\/p>\n","protected":false},"excerpt":{"rendered":"<p>Organizacije proiza&scaron;le iz Oslobodila\u010dke vojske Kosova, najavile su da \u0107e od sjutra organizovati potpisivanje &quot;nacionalne peticije&quot; protiv &quot;uvreda albanskog naroda, koje je naveo Dik Marti, izvjestilac Savjeta Evrope u izvje&scaron;taju o trgovini ljudskim organima nestalih kosovskih Srba&quot;. Sjutra, &nbsp;u svim albanskim zemaljama, kako u Albaniji i na Kosovu, isto\u010dnom Kosovu i Makedoniji, po\u010de\u0107e potpisivanje peticije [&hellip;]<\/p>\n","protected":false},"author":1,"featured_media":0,"comment_status":"open","ping_status":"closed","sticky":false,"template":"","format":"standard","meta":{"_seopress_robots_primary_cat":"","_seopress_titles_title":"","_seopress_titles_desc":"","_seopress_robots_index":"","_et_pb_use_builder":"","_et_pb_old_content":"","_et_gb_content_width":"","inline_featured_image":false,"footnotes":""},"categories":[14],"tags":[],"class_list":["post-40635","post","type-post","status-publish","format-standard","hentry","category-vijesti"],"_links":{"self":[{"href":"https:\/\/www.pcnen.com\/portal\/wp-json\/wp\/v2\/posts\/40635","targetHints":{"allow":["GET"]}}],"collection":[{"href":"https:\/\/www.pcnen.com\/portal\/wp-json\/wp\/v2\/posts"}],"about":[{"href":"https:\/\/www.pcnen.com\/portal\/wp-json\/wp\/v2\/types\/post"}],"author":[{"embeddable":true,"href":"https:\/\/www.pcnen.com\/portal\/wp-json\/wp\/v2\/users\/1"}],"replies":[{"embeddable":true,"href":"https:\/\/www.pcnen.com\/portal\/wp-json\/wp\/v2\/comments?post=40635"}],"version-history":[{"count":0,"href":"https:\/\/www.pcnen.com\/portal\/wp-json\/wp\/v2\/posts\/40635\/revisions"}],"wp:attachment":[{"href":"https:\/\/www.pcnen.com\/portal\/wp-json\/wp\/v2\/media?parent=40635"}],"wp:term":[{"taxonomy":"category","embeddable":true,"href":"https:\/\/www.pcnen.com\/portal\/wp-json\/wp\/v2\/categories?post=40635"},{"taxonomy":"post_tag","embeddable":true,"href":"https:\/\/www.pcnen.com\/portal\/wp-json\/wp\/v2\/tags?post=40635"}],"curies":[{"name":"wp","href":"https:\/\/api.w.org\/{rel}","templated":true}]}}