{"id":406341,"date":"2024-07-04T21:21:09","date_gmt":"2024-07-04T19:21:09","guid":{"rendered":"https:\/\/www.pcnen.com\/portal\/?p=406341"},"modified":"2024-07-04T21:21:09","modified_gmt":"2024-07-04T19:21:09","slug":"radev-necu-prihvatiti-da-vlada-pretvori-bugarsku-u-neogranicenog-donatora-za-rat-u-ukrajini","status":"publish","type":"post","link":"https:\/\/www.pcnen.com\/portal\/2024\/07\/04\/radev-necu-prihvatiti-da-vlada-pretvori-bugarsku-u-neogranicenog-donatora-za-rat-u-ukrajini\/","title":{"rendered":"Radev: Nec\u0301u prihvatiti da vlada pretvori Bugarsku u neograni\u010denog donatora za rat u Ukrajini"},"content":{"rendered":"<p>Predsjednik Bugarske Rumen Radev je izjavio danas da nec\u0301e prihvatiti da vlada pretvori Bugarsku u neograni\u010denog donatora za rat u Ukrajini &#8220;do kona\u010dne pobjede&#8221;.<\/p>\n<p>&#8220;Onima koji su pripremili i prihvatili ovu poziciju nije jasno \u0161ta zna\u010di kona\u010dna pobjeda \u2013 kako c\u0301e se ona ostvariti, koliko c\u0301e nas ko\u0161tati u smislu vremena, novca, resursa i prije svega rizika, jer sa svakim danom rizik od ovog rata za nas raste. Duboko sumnjam da li im je jasno \u0161ta zna\u010di za samu Ukrajinu da se bori do kona\u010dne pobjede i \u0161ta c\u0301e ukrajinskim Oru\u017eanim snagama, vojnom osoblju, od same infrastrukture i privrede zemlje ostati za ovu dugoro\u010dnu pobjedu&#8221;, istakao je Radev, prenosi Sputnjik.<\/p>\n<p>On je podsjetio na to da je danas u bugarskom parlamentu odr\u017eano va\u017eno saslu\u0161anje u vezi sa nacionalnim okvirnim stavovima za predstojec\u0301i samit NATO u Va\u0161ingtonu. Radev je poru\u010dio da bugarska vlada duguje obja\u0161njenje ne samo narodnim predstavnicima, vec\u0301 svim bugarskim gra\u0111anima o tome koje obaveze preuzima u njihovo ime za rat u Ukrajini.<\/p>\n<p>Radev krajem pro\u0161log mjeseca nije prihvatio predlog Savjeta ministara da predvodi bugarsku delegaciju i u\u010destvuje na sastanku \u0161efova dr\u017eava i vlada na samitu u Va\u0161ingtonu.<\/p>\n","protected":false},"excerpt":{"rendered":"<p>Radev krajem pro\u0161log mjeseca nije prihvatio predlog Savjeta ministara da predvodi bugarsku delegaciju i u\u010destvuje na sastanku \u0161efova dr\u017eava i vlada na samitu u Va\u0161ingtonu<\/p>\n","protected":false},"author":1,"featured_media":404839,"comment_status":"open","ping_status":"closed","sticky":false,"template":"","format":"standard","meta":{"_seopress_robots_primary_cat":"none","_seopress_titles_title":"","_seopress_titles_desc":"","_seopress_robots_index":"","_et_pb_use_builder":"","_et_pb_old_content":"","_et_gb_content_width":"","inline_featured_image":false,"footnotes":""},"categories":[14],"tags":[],"class_list":["post-406341","post","type-post","status-publish","format-standard","has-post-thumbnail","hentry","category-vijesti"],"_links":{"self":[{"href":"https:\/\/www.pcnen.com\/portal\/wp-json\/wp\/v2\/posts\/406341","targetHints":{"allow":["GET"]}}],"collection":[{"href":"https:\/\/www.pcnen.com\/portal\/wp-json\/wp\/v2\/posts"}],"about":[{"href":"https:\/\/www.pcnen.com\/portal\/wp-json\/wp\/v2\/types\/post"}],"author":[{"embeddable":true,"href":"https:\/\/www.pcnen.com\/portal\/wp-json\/wp\/v2\/users\/1"}],"replies":[{"embeddable":true,"href":"https:\/\/www.pcnen.com\/portal\/wp-json\/wp\/v2\/comments?post=406341"}],"version-history":[{"count":1,"href":"https:\/\/www.pcnen.com\/portal\/wp-json\/wp\/v2\/posts\/406341\/revisions"}],"predecessor-version":[{"id":406344,"href":"https:\/\/www.pcnen.com\/portal\/wp-json\/wp\/v2\/posts\/406341\/revisions\/406344"}],"wp:featuredmedia":[{"embeddable":true,"href":"https:\/\/www.pcnen.com\/portal\/wp-json\/wp\/v2\/media\/404839"}],"wp:attachment":[{"href":"https:\/\/www.pcnen.com\/portal\/wp-json\/wp\/v2\/media?parent=406341"}],"wp:term":[{"taxonomy":"category","embeddable":true,"href":"https:\/\/www.pcnen.com\/portal\/wp-json\/wp\/v2\/categories?post=406341"},{"taxonomy":"post_tag","embeddable":true,"href":"https:\/\/www.pcnen.com\/portal\/wp-json\/wp\/v2\/tags?post=406341"}],"curies":[{"name":"wp","href":"https:\/\/api.w.org\/{rel}","templated":true}]}}