{"id":406337,"date":"2024-07-04T20:53:50","date_gmt":"2024-07-04T18:53:50","guid":{"rendered":"https:\/\/www.pcnen.com\/portal\/?p=406337"},"modified":"2024-07-04T20:53:50","modified_gmt":"2024-07-04T18:53:50","slug":"pretezno-suncano-temperatura-od-21-do-32-stepena","status":"publish","type":"post","link":"https:\/\/www.pcnen.com\/portal\/2024\/07\/04\/pretezno-suncano-temperatura-od-21-do-32-stepena\/","title":{"rendered":"Prete\u017eno sun\u010dano, temperatura od 21 do 32 stepena"},"content":{"rendered":"<p>Na sjeveru Crne Gore \u0107e ujutro po kotlinama biti mogu\u0107a magla, a tokom dana \u0107e biti prete\u017eno sun\u010dano, povremeno uz malu do umjerenu obla\u010dnost.<\/p>\n<p>Vjetar promjenljivog smjera bi\u0107e slab do umjeren, dok \u0107e na krajnjem jugoistoku povremeno duvati poja\u010dano sa sjevera.<\/p>\n<p>Jutarnja temperatura vazduha bi\u0107e u rasponu od 8 do 21, a najvi\u0161a dnevna od 21 do 32 stepena.<\/p>\n<p>U Podgorici \u0107e biti prete\u017eno sun\u010dano.<\/p>\n<p>Vjetar promjenljivog smjera bi\u0107e . Jutarnja temperatura vazduha oko 20, najvi\u0161a dnevna 32 stepena.<\/p>\n","protected":false},"excerpt":{"rendered":"<p>Na sjeveru Crne Gore \u0107e ujutro po kotlinama biti mogu\u0107a magla, a tokom dana \u0107e biti prete\u017eno sun\u010dano, povremeno uz malu do umjerenu obla\u010dnost<\/p>\n","protected":false},"author":1,"featured_media":352012,"comment_status":"open","ping_status":"closed","sticky":false,"template":"","format":"standard","meta":{"_seopress_robots_primary_cat":"none","_seopress_titles_title":"","_seopress_titles_desc":"","_seopress_robots_index":"","_et_pb_use_builder":"","_et_pb_old_content":"","_et_gb_content_width":"","inline_featured_image":false,"footnotes":""},"categories":[14],"tags":[],"class_list":["post-406337","post","type-post","status-publish","format-standard","has-post-thumbnail","hentry","category-vijesti"],"_links":{"self":[{"href":"https:\/\/www.pcnen.com\/portal\/wp-json\/wp\/v2\/posts\/406337","targetHints":{"allow":["GET"]}}],"collection":[{"href":"https:\/\/www.pcnen.com\/portal\/wp-json\/wp\/v2\/posts"}],"about":[{"href":"https:\/\/www.pcnen.com\/portal\/wp-json\/wp\/v2\/types\/post"}],"author":[{"embeddable":true,"href":"https:\/\/www.pcnen.com\/portal\/wp-json\/wp\/v2\/users\/1"}],"replies":[{"embeddable":true,"href":"https:\/\/www.pcnen.com\/portal\/wp-json\/wp\/v2\/comments?post=406337"}],"version-history":[{"count":1,"href":"https:\/\/www.pcnen.com\/portal\/wp-json\/wp\/v2\/posts\/406337\/revisions"}],"predecessor-version":[{"id":406340,"href":"https:\/\/www.pcnen.com\/portal\/wp-json\/wp\/v2\/posts\/406337\/revisions\/406340"}],"wp:featuredmedia":[{"embeddable":true,"href":"https:\/\/www.pcnen.com\/portal\/wp-json\/wp\/v2\/media\/352012"}],"wp:attachment":[{"href":"https:\/\/www.pcnen.com\/portal\/wp-json\/wp\/v2\/media?parent=406337"}],"wp:term":[{"taxonomy":"category","embeddable":true,"href":"https:\/\/www.pcnen.com\/portal\/wp-json\/wp\/v2\/categories?post=406337"},{"taxonomy":"post_tag","embeddable":true,"href":"https:\/\/www.pcnen.com\/portal\/wp-json\/wp\/v2\/tags?post=406337"}],"curies":[{"name":"wp","href":"https:\/\/api.w.org\/{rel}","templated":true}]}}