{"id":406325,"date":"2024-07-04T16:50:55","date_gmt":"2024-07-04T14:50:55","guid":{"rendered":"https:\/\/www.pcnen.com\/portal\/?p=406325"},"modified":"2024-07-04T16:50:55","modified_gmt":"2024-07-04T14:50:55","slug":"vlada-brdjanin-nastavlja-mandat-direktora-uprave-policije","status":"publish","type":"post","link":"https:\/\/www.pcnen.com\/portal\/2024\/07\/04\/vlada-brdjanin-nastavlja-mandat-direktora-uprave-policije\/","title":{"rendered":"Vlada: Br\u0111anin nastavlja mandat direktora Uprave policije"},"content":{"rendered":"<p>Vlada Crne Gore konstatovala je danas da Zoran Br\u0111anin id danas, 4. jula nastavlja mandat direktora Uprave policije.<\/p>\n<p>\u201ePostupaju\u0107i po presudi, Vlada je konstatovala da Br\u0111anin, po\u010dev od 4. jula 2024. godine, nastavlja mandat direktora Uprave policije\u201c, naveli su iz Vlade.<\/p>\n<p>Sud je odlu\u010divao meritorno u postupku pune jurisdikcije, \u0161to zna\u010di da se predmet ne vra\u0107a Vladi na ponovno odlu\u010divanje, ve\u0107 da \u0107e Br\u0111anin biti ponovo na \u010delu policije.<\/p>\n<p>Vlada je prethodno konstatovala ostavku vr\u0161ioca du\u017enosti direktora Uprave policije Aleksandra Radovi\u0107a.<\/p>\n<p>Upravni sud je 25. juna tre\u0107i put usvojio tu\u017ebu Br\u0111anina, podsje\u0107a Mina.<\/p>\n<p>U rje\u0161enju Upravnog suda pi\u0161e da je rje\u0161enjem Vlade Crne Gore od 3. marta, du\u017enosti direktora Uprave policije razrije\u0161en Br\u0111anin, prije isteka vremena na koje je postavljen, nakon \u0161to je ministar unutra\u0161njih poslova podnio predlog za njegovo razrje\u0161enje.<\/p>\n<p>Vlada je u martu ve\u0107inom glasova izabrala Radovi\u0107a za v.d. direktora Uprave policije na predlog premijera Milojka Spaji\u0107a.<\/p>\n<p>On je predlo\u017eio Radovi\u0107a na tu funkciju iako to nije bila ta\u010dka dnevnog reda.<\/p>\n<p>Zakonom je propisano da vr\u0161ioca du\u017enosti direktora policije predla\u017ee ministar unutra\u0161njih poslova.<\/p>\n<p><a href=\"https:\/\/www.pcnen.com\/portal\/?s=Br%C4%91anin\">VEZANE VIJESTI<\/a><\/p>\n","protected":false},"excerpt":{"rendered":"<p>Vlada Crne Gore konstatovala je danas da Zoran Br\u0111anin id danas, 4. jula nastavlja mandat direktora Uprave policije.<\/p>\n","protected":false},"author":1,"featured_media":375819,"comment_status":"open","ping_status":"closed","sticky":false,"template":"","format":"standard","meta":{"_seopress_robots_primary_cat":"none","_seopress_titles_title":"","_seopress_titles_desc":"","_seopress_robots_index":"","_et_pb_use_builder":"","_et_pb_old_content":"","_et_gb_content_width":"","inline_featured_image":false,"footnotes":""},"categories":[14],"tags":[],"class_list":["post-406325","post","type-post","status-publish","format-standard","has-post-thumbnail","hentry","category-vijesti"],"_links":{"self":[{"href":"https:\/\/www.pcnen.com\/portal\/wp-json\/wp\/v2\/posts\/406325","targetHints":{"allow":["GET"]}}],"collection":[{"href":"https:\/\/www.pcnen.com\/portal\/wp-json\/wp\/v2\/posts"}],"about":[{"href":"https:\/\/www.pcnen.com\/portal\/wp-json\/wp\/v2\/types\/post"}],"author":[{"embeddable":true,"href":"https:\/\/www.pcnen.com\/portal\/wp-json\/wp\/v2\/users\/1"}],"replies":[{"embeddable":true,"href":"https:\/\/www.pcnen.com\/portal\/wp-json\/wp\/v2\/comments?post=406325"}],"version-history":[{"count":1,"href":"https:\/\/www.pcnen.com\/portal\/wp-json\/wp\/v2\/posts\/406325\/revisions"}],"predecessor-version":[{"id":406328,"href":"https:\/\/www.pcnen.com\/portal\/wp-json\/wp\/v2\/posts\/406325\/revisions\/406328"}],"wp:featuredmedia":[{"embeddable":true,"href":"https:\/\/www.pcnen.com\/portal\/wp-json\/wp\/v2\/media\/375819"}],"wp:attachment":[{"href":"https:\/\/www.pcnen.com\/portal\/wp-json\/wp\/v2\/media?parent=406325"}],"wp:term":[{"taxonomy":"category","embeddable":true,"href":"https:\/\/www.pcnen.com\/portal\/wp-json\/wp\/v2\/categories?post=406325"},{"taxonomy":"post_tag","embeddable":true,"href":"https:\/\/www.pcnen.com\/portal\/wp-json\/wp\/v2\/tags?post=406325"}],"curies":[{"name":"wp","href":"https:\/\/api.w.org\/{rel}","templated":true}]}}