{"id":40630,"date":"2011-01-04T20:19:09","date_gmt":"2011-01-04T20:19:09","guid":{"rendered":"http:\/\/www.pcnen.com\/portal\/?p=40630"},"modified":"2011-01-04T20:19:09","modified_gmt":"2011-01-04T20:19:09","slug":"bivsi-izrelski-premijer-pet-godina-u-komi","status":"publish","type":"post","link":"https:\/\/www.pcnen.com\/portal\/2011\/01\/04\/bivsi-izrelski-premijer-pet-godina-u-komi\/","title":{"rendered":"Biv\u0161i izrelski premijer pet godina u komi"},"content":{"rendered":"<p>Danas se navr&scaron;ava pet godina od kako se &nbsp;biv&scaron;i izraelski premijer Arijel &Scaron;aron nalazi u komi poslije mo\u017edanog udara. <\/p>\n<p>&Scaron;aron le\u017ei u Medicinskom centru Haim &Scaron;eba u Tel Ha&scaron;omeru kraj Tel Aviva, bez nagovje&scaron;taja da \u0107e se ikada povratiti. <\/p>\n<p>&Scaron;aron (82) je bio jedanaesti izraelski premijer, a vi&scaron;e od tri decenije slu\u017eio je u izraelskoj armiji. <\/p>\n","protected":false},"excerpt":{"rendered":"<p>Danas se navr&scaron;ava pet godina od kako se &nbsp;biv&scaron;i izraelski premijer Arijel &Scaron;aron nalazi u komi poslije mo\u017edanog udara. &Scaron;aron le\u017ei u Medicinskom centru Haim &Scaron;eba u Tel Ha&scaron;omeru kraj Tel Aviva, bez nagovje&scaron;taja da \u0107e se ikada povratiti. &Scaron;aron (82) je bio jedanaesti izraelski premijer, a vi&scaron;e od tri decenije slu\u017eio je u izraelskoj [&hellip;]<\/p>\n","protected":false},"author":1,"featured_media":0,"comment_status":"open","ping_status":"closed","sticky":false,"template":"","format":"standard","meta":{"_seopress_robots_primary_cat":"","_seopress_titles_title":"","_seopress_titles_desc":"","_seopress_robots_index":"","_et_pb_use_builder":"","_et_pb_old_content":"","_et_gb_content_width":"","inline_featured_image":false,"footnotes":""},"categories":[14],"tags":[],"class_list":["post-40630","post","type-post","status-publish","format-standard","hentry","category-vijesti"],"_links":{"self":[{"href":"https:\/\/www.pcnen.com\/portal\/wp-json\/wp\/v2\/posts\/40630","targetHints":{"allow":["GET"]}}],"collection":[{"href":"https:\/\/www.pcnen.com\/portal\/wp-json\/wp\/v2\/posts"}],"about":[{"href":"https:\/\/www.pcnen.com\/portal\/wp-json\/wp\/v2\/types\/post"}],"author":[{"embeddable":true,"href":"https:\/\/www.pcnen.com\/portal\/wp-json\/wp\/v2\/users\/1"}],"replies":[{"embeddable":true,"href":"https:\/\/www.pcnen.com\/portal\/wp-json\/wp\/v2\/comments?post=40630"}],"version-history":[{"count":0,"href":"https:\/\/www.pcnen.com\/portal\/wp-json\/wp\/v2\/posts\/40630\/revisions"}],"wp:attachment":[{"href":"https:\/\/www.pcnen.com\/portal\/wp-json\/wp\/v2\/media?parent=40630"}],"wp:term":[{"taxonomy":"category","embeddable":true,"href":"https:\/\/www.pcnen.com\/portal\/wp-json\/wp\/v2\/categories?post=40630"},{"taxonomy":"post_tag","embeddable":true,"href":"https:\/\/www.pcnen.com\/portal\/wp-json\/wp\/v2\/tags?post=40630"}],"curies":[{"name":"wp","href":"https:\/\/api.w.org\/{rel}","templated":true}]}}