{"id":406291,"date":"2024-07-04T11:01:19","date_gmt":"2024-07-04T09:01:19","guid":{"rendered":"https:\/\/www.pcnen.com\/portal\/?p=406291"},"modified":"2024-07-04T11:01:19","modified_gmt":"2024-07-04T09:01:19","slug":"v-d-direktor-up-podnio-ostavku","status":"publish","type":"post","link":"https:\/\/www.pcnen.com\/portal\/2024\/07\/04\/v-d-direktor-up-podnio-ostavku\/","title":{"rendered":"V.D. direktor UP podnio ostavku"},"content":{"rendered":"<p>Vr\u0161ilac du\u017enosti direktora Uprave policije (UP) Aleksandar Radovi\u0107 je podnio ostavku, saop\u0161tio je danas. U\u010dinio je to nakon \u0161to je Upravni sud presudio da je Zoran Br\u0111anin nezakonito smijenjen sa funkcije direktora UP.<\/p>\n<p>\u201cPresuda suda je obavezuju\u0107a i ja sam za po\u0161tovanje sudskih odluka\u201d, rekao je Radovi\u0107.<\/p>\n<p>Potrebno je da ga Vlada razrije\u0161i na predlog ministra unutra\u0161njih poslova. Radovi\u0107 je, ina\u010de, izabran protivno volji ministra Danila \u0160aranovi\u0107a<\/p>\n<p>Upravni sud je 25. juna tre\u0107i put usvojio tu\u017ebu biv\u0161eg direktora Uprave policije Zorana Br\u0111anina.<\/p>\n<blockquote class=\"wp-embedded-content\" data-secret=\"eDjsMY3lG9\"><p><a href=\"https:\/\/www.pcnen.com\/portal\/2024\/06\/25\/upravni-sud-treci-put-stao-na-brdjaninovu-stranu\/\">Upravni sud tre\u0107i put stao na Br\u0111aninovu stranu<\/a><\/p><\/blockquote>\n<p><iframe loading=\"lazy\" class=\"wp-embedded-content\" sandbox=\"allow-scripts\" security=\"restricted\" style=\"position: absolute; clip: rect(1px, 1px, 1px, 1px);\" title=\"&#8220;Upravni sud tre\u0107i put stao na Br\u0111aninovu stranu&#8221; &#8212; PCNEN\" src=\"https:\/\/www.pcnen.com\/portal\/2024\/06\/25\/upravni-sud-treci-put-stao-na-brdjaninovu-stranu\/embed\/#?secret=7pg6dwmiCf#?secret=eDjsMY3lG9\" data-secret=\"eDjsMY3lG9\" width=\"600\" height=\"338\" frameborder=\"0\" marginwidth=\"0\" marginheight=\"0\" scrolling=\"no\"><\/iframe><\/p>\n<p>&nbsp;<\/p>\n","protected":false},"excerpt":{"rendered":"<p>Vr\u0161ilac du\u017enosti direktora Uprave policije (UP) Aleksandar Radovi\u0107 je podnio ostavku, saop\u0161tio je danas. U\u010dinio je to nakon \u0161to je Upravni sud presudio da je Zoran Br\u0111anin nezakonito smijenjen sa funkcije direktora UP<\/p>\n","protected":false},"author":1,"featured_media":283498,"comment_status":"open","ping_status":"closed","sticky":false,"template":"","format":"standard","meta":{"_seopress_robots_primary_cat":"none","_seopress_titles_title":"","_seopress_titles_desc":"","_seopress_robots_index":"","_et_pb_use_builder":"","_et_pb_old_content":"","_et_gb_content_width":"","inline_featured_image":false,"footnotes":""},"categories":[14],"tags":[],"class_list":["post-406291","post","type-post","status-publish","format-standard","has-post-thumbnail","hentry","category-vijesti"],"_links":{"self":[{"href":"https:\/\/www.pcnen.com\/portal\/wp-json\/wp\/v2\/posts\/406291","targetHints":{"allow":["GET"]}}],"collection":[{"href":"https:\/\/www.pcnen.com\/portal\/wp-json\/wp\/v2\/posts"}],"about":[{"href":"https:\/\/www.pcnen.com\/portal\/wp-json\/wp\/v2\/types\/post"}],"author":[{"embeddable":true,"href":"https:\/\/www.pcnen.com\/portal\/wp-json\/wp\/v2\/users\/1"}],"replies":[{"embeddable":true,"href":"https:\/\/www.pcnen.com\/portal\/wp-json\/wp\/v2\/comments?post=406291"}],"version-history":[{"count":1,"href":"https:\/\/www.pcnen.com\/portal\/wp-json\/wp\/v2\/posts\/406291\/revisions"}],"predecessor-version":[{"id":406294,"href":"https:\/\/www.pcnen.com\/portal\/wp-json\/wp\/v2\/posts\/406291\/revisions\/406294"}],"wp:featuredmedia":[{"embeddable":true,"href":"https:\/\/www.pcnen.com\/portal\/wp-json\/wp\/v2\/media\/283498"}],"wp:attachment":[{"href":"https:\/\/www.pcnen.com\/portal\/wp-json\/wp\/v2\/media?parent=406291"}],"wp:term":[{"taxonomy":"category","embeddable":true,"href":"https:\/\/www.pcnen.com\/portal\/wp-json\/wp\/v2\/categories?post=406291"},{"taxonomy":"post_tag","embeddable":true,"href":"https:\/\/www.pcnen.com\/portal\/wp-json\/wp\/v2\/tags?post=406291"}],"curies":[{"name":"wp","href":"https:\/\/api.w.org\/{rel}","templated":true}]}}