{"id":406283,"date":"2024-07-04T10:19:42","date_gmt":"2024-07-04T08:19:42","guid":{"rendered":"https:\/\/www.pcnen.com\/portal\/?p=406283"},"modified":"2024-07-05T12:54:49","modified_gmt":"2024-07-05T10:54:49","slug":"sjutra-pocinje-prvi-montenegro-mountain-madnessa","status":"publish","type":"post","link":"https:\/\/www.pcnen.com\/portal\/2024\/07\/04\/sjutra-pocinje-prvi-montenegro-mountain-madnessa\/","title":{"rendered":"Sjutra po\u010dinje prvi Montenegro Mountain Madnessa!"},"content":{"rendered":"<p>&#8220;Ludilo po\u010dinje iz Podgorice, glavnog grada Crne Gore, 5. jula u 9:00 \u010dasova&#8221;. Ovom re\u010denicom je najavljena biciklisti\u010dka avantura <a href=\"https:\/\/montenegromountainmadness.com\/\" target=\"_blank\" rel=\"noopener\">Montenegro Mountain Madnessa,\u00a0<\/a>koju su osmislila dvojica Italijana koji \u017eive u Sloveniji.<\/p>\n<p>Biciklisti\u010dki karavan, u kome \u0107e, prema nezvani\u010dnim saznanjima portala PCNEN, biti vi\u0161e desetina biciklista i biciklistkinja iz Evrope, pre\u0107i \u0107e 630 km, a na toj trasi bi\u0107e 14000 m penjanja!\u00a0 Karavan \u0107e pro\u0107i kroz \u010detiri nacionalna parka i preko deset spektakularnih visokih platoa, od kojih svaki pru\u017ea jedinstven pogled na planine.<\/p>\n<p>&nbsp;<\/p>\n<p>&nbsp;<\/p>\n","protected":false},"excerpt":{"rendered":"<p>&#8220;Ludilo po\u010dinje iz Podgorice, glavnog grada Crne Gore, 5. jula u 9:00 \u010dasova&#8221;. Ovom re\u010denicom po\u010dinje najava biciklisti\u010dke avanture Montenegro Mountain Madnessa,\u00a0koju su osmislila dvojica Italijana koji \u017eive u Sloveniji<\/p>\n","protected":false},"author":1,"featured_media":406287,"comment_status":"open","ping_status":"closed","sticky":false,"template":"","format":"standard","meta":{"_seopress_robots_primary_cat":"none","_seopress_titles_title":"","_seopress_titles_desc":"","_seopress_robots_index":"","_et_pb_use_builder":"","_et_pb_old_content":"","_et_gb_content_width":"","inline_featured_image":false,"footnotes":""},"categories":[14],"tags":[],"class_list":["post-406283","post","type-post","status-publish","format-standard","has-post-thumbnail","hentry","category-vijesti"],"_links":{"self":[{"href":"https:\/\/www.pcnen.com\/portal\/wp-json\/wp\/v2\/posts\/406283","targetHints":{"allow":["GET"]}}],"collection":[{"href":"https:\/\/www.pcnen.com\/portal\/wp-json\/wp\/v2\/posts"}],"about":[{"href":"https:\/\/www.pcnen.com\/portal\/wp-json\/wp\/v2\/types\/post"}],"author":[{"embeddable":true,"href":"https:\/\/www.pcnen.com\/portal\/wp-json\/wp\/v2\/users\/1"}],"replies":[{"embeddable":true,"href":"https:\/\/www.pcnen.com\/portal\/wp-json\/wp\/v2\/comments?post=406283"}],"version-history":[{"count":5,"href":"https:\/\/www.pcnen.com\/portal\/wp-json\/wp\/v2\/posts\/406283\/revisions"}],"predecessor-version":[{"id":406413,"href":"https:\/\/www.pcnen.com\/portal\/wp-json\/wp\/v2\/posts\/406283\/revisions\/406413"}],"wp:featuredmedia":[{"embeddable":true,"href":"https:\/\/www.pcnen.com\/portal\/wp-json\/wp\/v2\/media\/406287"}],"wp:attachment":[{"href":"https:\/\/www.pcnen.com\/portal\/wp-json\/wp\/v2\/media?parent=406283"}],"wp:term":[{"taxonomy":"category","embeddable":true,"href":"https:\/\/www.pcnen.com\/portal\/wp-json\/wp\/v2\/categories?post=406283"},{"taxonomy":"post_tag","embeddable":true,"href":"https:\/\/www.pcnen.com\/portal\/wp-json\/wp\/v2\/tags?post=406283"}],"curies":[{"name":"wp","href":"https:\/\/api.w.org\/{rel}","templated":true}]}}