{"id":40626,"date":"2011-01-04T15:40:26","date_gmt":"2011-01-04T15:40:26","guid":{"rendered":"http:\/\/www.pcnen.com\/portal\/?p=40626"},"modified":"2011-01-04T15:40:26","modified_gmt":"2011-01-04T15:40:26","slug":"dadu-posthumno-povelja-ivana-crnojevica","status":"publish","type":"post","link":"https:\/\/www.pcnen.com\/portal\/2011\/01\/04\/dadu-posthumno-povelja-ivana-crnojevica\/","title":{"rendered":"Dadu posthumno Povelja Ivana Crnojevi\u0107a"},"content":{"rendered":"<p>Nedavno umrli slikar Miodrag Dado \u0110uri\u0107 je posthumno dobio povelju koja nosi ime Ivana Crnojevi\u0107a, gspodara srednjovjekovne crnogorske dr\u017eave Zete, koga je Crnogorska pravoslavna crkva proglasila svetim. <\/p>\n<p>Povelja je dodijeljena povodom Dana oslobo\u0111enja Cetinja, koji se proslavlja danas.<\/p>\n","protected":false},"excerpt":{"rendered":"<p>Nedavno umrli slikar Miodrag Dado \u0110uri\u0107 je posthumno dobio povelju koja nosi ime Ivana Crnojevi\u0107a, gspodara srednjovjekovne crnogorske dr\u017eave Zete, koga je Crnogorska pravoslavna crkva proglasila svetim. Povelja je dodijeljena povodom Dana oslobo\u0111enja Cetinja, koji se proslavlja danas.<\/p>\n","protected":false},"author":1,"featured_media":0,"comment_status":"open","ping_status":"closed","sticky":false,"template":"","format":"standard","meta":{"_seopress_robots_primary_cat":"","_seopress_titles_title":"","_seopress_titles_desc":"","_seopress_robots_index":"","_et_pb_use_builder":"","_et_pb_old_content":"","_et_gb_content_width":"","inline_featured_image":false,"footnotes":""},"categories":[14],"tags":[],"class_list":["post-40626","post","type-post","status-publish","format-standard","hentry","category-vijesti"],"_links":{"self":[{"href":"https:\/\/www.pcnen.com\/portal\/wp-json\/wp\/v2\/posts\/40626","targetHints":{"allow":["GET"]}}],"collection":[{"href":"https:\/\/www.pcnen.com\/portal\/wp-json\/wp\/v2\/posts"}],"about":[{"href":"https:\/\/www.pcnen.com\/portal\/wp-json\/wp\/v2\/types\/post"}],"author":[{"embeddable":true,"href":"https:\/\/www.pcnen.com\/portal\/wp-json\/wp\/v2\/users\/1"}],"replies":[{"embeddable":true,"href":"https:\/\/www.pcnen.com\/portal\/wp-json\/wp\/v2\/comments?post=40626"}],"version-history":[{"count":0,"href":"https:\/\/www.pcnen.com\/portal\/wp-json\/wp\/v2\/posts\/40626\/revisions"}],"wp:attachment":[{"href":"https:\/\/www.pcnen.com\/portal\/wp-json\/wp\/v2\/media?parent=40626"}],"wp:term":[{"taxonomy":"category","embeddable":true,"href":"https:\/\/www.pcnen.com\/portal\/wp-json\/wp\/v2\/categories?post=40626"},{"taxonomy":"post_tag","embeddable":true,"href":"https:\/\/www.pcnen.com\/portal\/wp-json\/wp\/v2\/tags?post=40626"}],"curies":[{"name":"wp","href":"https:\/\/api.w.org\/{rel}","templated":true}]}}