{"id":406258,"date":"2024-07-03T22:01:11","date_gmt":"2024-07-03T20:01:11","guid":{"rendered":"https:\/\/www.pcnen.com\/portal\/?p=406258"},"modified":"2024-07-03T22:02:13","modified_gmt":"2024-07-03T20:02:13","slug":"promjenljivo-oblacno-do-31-stepen-2","status":"publish","type":"post","link":"https:\/\/www.pcnen.com\/portal\/2024\/07\/03\/promjenljivo-oblacno-do-31-stepen-2\/","title":{"rendered":"Promjenljivo obla\u010dno, do 31 stepen"},"content":{"rendered":"<p>U Crnoj Gori \u0107e u \u010detvrtak biti promjenljivo obla\u010dno sa du\u017eim sun\u010danim intervalima, uz mogu\u0107nost za rijetku pojavu kratkotrajne nestabilnosti.<\/p>\n<p>Na sjeveru \u0107e po kotlinama mjestimi\u010dno biti jutarnje magle.<\/p>\n<p>Vjetar slab do umjeren i promjenljiv, u jutarnjim i no\u0107nim satima ponegdje umjeren do poja\u010dan, sjeverni.<\/p>\n<p>Jutarnja temperatura vazduha kreta\u0107e se od 8 do 20, najvi\u0161a dnevna od 18 do 31 stepen.<br \/>\nU Podgorici \u0107e biti promjenljivo obla\u010dno sa du\u017eim sun\u010danim intervalima i uglavnom suvo.<\/p>\n<p>Vjetar \u0107e biti slab do umjeren i promjenljiv, u jutarnjim i no\u0107nim satima povremeno umjeren sjeveroisto\u010dni.<\/p>\n<p>Jutarnja temperatura vazduha bi\u0107e oko 20, najvi\u0161a dnevna do 31 stepen.<\/p>\n","protected":false},"excerpt":{"rendered":"<p>U Crnoj Gori \u0107e u \u010detvrtak biti promjenljivo obla\u010dno sa du\u017eim sun\u010danim intervalima, uz mogu\u0107nost za rijetku pojavu kratkotrajne nestabilnosti.<\/p>\n","protected":false},"author":1,"featured_media":270600,"comment_status":"open","ping_status":"closed","sticky":false,"template":"","format":"standard","meta":{"_seopress_robots_primary_cat":"none","_seopress_titles_title":"","_seopress_titles_desc":"","_seopress_robots_index":"","_et_pb_use_builder":"","_et_pb_old_content":"","_et_gb_content_width":"","inline_featured_image":false,"footnotes":""},"categories":[14],"tags":[],"class_list":["post-406258","post","type-post","status-publish","format-standard","has-post-thumbnail","hentry","category-vijesti"],"_links":{"self":[{"href":"https:\/\/www.pcnen.com\/portal\/wp-json\/wp\/v2\/posts\/406258","targetHints":{"allow":["GET"]}}],"collection":[{"href":"https:\/\/www.pcnen.com\/portal\/wp-json\/wp\/v2\/posts"}],"about":[{"href":"https:\/\/www.pcnen.com\/portal\/wp-json\/wp\/v2\/types\/post"}],"author":[{"embeddable":true,"href":"https:\/\/www.pcnen.com\/portal\/wp-json\/wp\/v2\/users\/1"}],"replies":[{"embeddable":true,"href":"https:\/\/www.pcnen.com\/portal\/wp-json\/wp\/v2\/comments?post=406258"}],"version-history":[{"count":1,"href":"https:\/\/www.pcnen.com\/portal\/wp-json\/wp\/v2\/posts\/406258\/revisions"}],"predecessor-version":[{"id":406261,"href":"https:\/\/www.pcnen.com\/portal\/wp-json\/wp\/v2\/posts\/406258\/revisions\/406261"}],"wp:featuredmedia":[{"embeddable":true,"href":"https:\/\/www.pcnen.com\/portal\/wp-json\/wp\/v2\/media\/270600"}],"wp:attachment":[{"href":"https:\/\/www.pcnen.com\/portal\/wp-json\/wp\/v2\/media?parent=406258"}],"wp:term":[{"taxonomy":"category","embeddable":true,"href":"https:\/\/www.pcnen.com\/portal\/wp-json\/wp\/v2\/categories?post=406258"},{"taxonomy":"post_tag","embeddable":true,"href":"https:\/\/www.pcnen.com\/portal\/wp-json\/wp\/v2\/tags?post=406258"}],"curies":[{"name":"wp","href":"https:\/\/api.w.org\/{rel}","templated":true}]}}