{"id":406249,"date":"2024-07-03T19:47:20","date_gmt":"2024-07-03T17:47:20","guid":{"rendered":"https:\/\/www.pcnen.com\/portal\/?p=406249"},"modified":"2024-07-03T19:47:20","modified_gmt":"2024-07-03T17:47:20","slug":"bajden-razbjesnio-mnoge-donatore-i-podijelio-demokrate","status":"publish","type":"post","link":"https:\/\/www.pcnen.com\/portal\/2024\/07\/03\/bajden-razbjesnio-mnoge-donatore-i-podijelio-demokrate\/","title":{"rendered":"Bajden razbjesnio mnoge donatore i podijelio demokrate"},"content":{"rendered":"<p>Predsjednik SAD D\u017eo Bajden se suo\u010dava sa intenzivnim preispitivanjem kandidature za novi mandat zbog njegovog o\u010diglednog oslanjanja na telepromptere na sastancima iza zatvorenih vrata sa demokratskim donatorima o posljedicama pro\u0161lonedjeljne predsjedni\u010dke debate.<\/p>\n<p>Politi\u010dki analiti\u010dar MSNBC D\u017eon Hejleman je otkrio u svom podkastu &#8220;Impolitik&#8221; da su donatori &#8220;prestravljeni\u201d \u0161to Bajden ne mo\u017ee da odstupi od scenarija \u010dak ni tokom njihovog privatnog prikupljanja sredstava.<\/p>\n<p>&#8220;To je postalo ogromna briga donatora koji su primili D\u017eoa Bajdena u svojoj kuc\u0301i. I svi su izbezumljeni zbog jedne stvari koju Bajden radi. Ne zaboravite, to je grupa ljudi, najdru\u017eeljubivijih ljudi koje mo\u017eete da zamislite, i svi mu pi\u0161u velike \u010dekove&#8221;, rekao je Hejleman u podkastu<\/p>\n<p>&#8220;On nikada ne improvizuje. Nikada nije bez promptera&#8230; Mislim, sjedi\u0161 sa gomilom, otprilike, 40 multimilionera koji ti ispisuju ogromne \u010dekove. A opet, da li ga to \u010dini lo\u0161im predsjednikom. Ne. Da li to izlu\u0111uje donatore? Pa&#8230; da&#8221;, <a href=\"https:\/\/www.euronews.rs\/svet\/fokus\/128749\/bajden-razbesneo-mnoge-donatore-i-podelio-demokrate-da-li-ce-ga-afera-teleprompter-kostati-povlacenja-iz-kampanje\/vest\" target=\"_blank\" rel=\"noopener\">prenosi<\/a> Euronews.rs.<\/p>\n<p>&nbsp;<\/p>\n","protected":false},"excerpt":{"rendered":"<p>Predsjednik SAD D\u017eo Bajden se suo\u010dava sa intenzivnim preispitivanjem kandidature za novi mandat zbog njegovog o\u010diglednog oslanjanja na telepromptere na sastancima iza zatvorenih vrata sa demokratskim donatorima o posljedicama pro\u0161lonedjeljne predsjedni\u010dke debate<\/p>\n","protected":false},"author":1,"featured_media":406252,"comment_status":"open","ping_status":"closed","sticky":false,"template":"","format":"standard","meta":{"_seopress_robots_primary_cat":"none","_seopress_titles_title":"","_seopress_titles_desc":"","_seopress_robots_index":"","_et_pb_use_builder":"","_et_pb_old_content":"","_et_gb_content_width":"","inline_featured_image":false,"footnotes":""},"categories":[14],"tags":[],"class_list":["post-406249","post","type-post","status-publish","format-standard","has-post-thumbnail","hentry","category-vijesti"],"_links":{"self":[{"href":"https:\/\/www.pcnen.com\/portal\/wp-json\/wp\/v2\/posts\/406249","targetHints":{"allow":["GET"]}}],"collection":[{"href":"https:\/\/www.pcnen.com\/portal\/wp-json\/wp\/v2\/posts"}],"about":[{"href":"https:\/\/www.pcnen.com\/portal\/wp-json\/wp\/v2\/types\/post"}],"author":[{"embeddable":true,"href":"https:\/\/www.pcnen.com\/portal\/wp-json\/wp\/v2\/users\/1"}],"replies":[{"embeddable":true,"href":"https:\/\/www.pcnen.com\/portal\/wp-json\/wp\/v2\/comments?post=406249"}],"version-history":[{"count":1,"href":"https:\/\/www.pcnen.com\/portal\/wp-json\/wp\/v2\/posts\/406249\/revisions"}],"predecessor-version":[{"id":406253,"href":"https:\/\/www.pcnen.com\/portal\/wp-json\/wp\/v2\/posts\/406249\/revisions\/406253"}],"wp:featuredmedia":[{"embeddable":true,"href":"https:\/\/www.pcnen.com\/portal\/wp-json\/wp\/v2\/media\/406252"}],"wp:attachment":[{"href":"https:\/\/www.pcnen.com\/portal\/wp-json\/wp\/v2\/media?parent=406249"}],"wp:term":[{"taxonomy":"category","embeddable":true,"href":"https:\/\/www.pcnen.com\/portal\/wp-json\/wp\/v2\/categories?post=406249"},{"taxonomy":"post_tag","embeddable":true,"href":"https:\/\/www.pcnen.com\/portal\/wp-json\/wp\/v2\/tags?post=406249"}],"curies":[{"name":"wp","href":"https:\/\/api.w.org\/{rel}","templated":true}]}}